{"id":1200,"date":"2010-02-03T09:17:14","date_gmt":"2010-02-03T09:17:14","guid":{"rendered":"http:\/\/www.mariaabrahamsson.nu\/?p=1200"},"modified":"2010-02-03T09:22:38","modified_gmt":"2010-02-03T09:22:38","slug":"ohlsson-lyssna-inte-pa-stenberg-och-kjoller","status":"publish","type":"post","link":"https:\/\/www.mariaabrahamsson.nu\/index.php\/2010\/02\/03\/ohlsson-lyssna-inte-pa-stenberg-och-kjoller\/","title":{"rendered":"Ohlsson, st\u00e4ng \u00f6ronen f\u00f6r Sternberg och Kj\u00f6ller"},"content":{"rendered":"<p><strong>En av Kvinnor Kan:s<\/strong> frontfigurer, Eva Sternberg, <a href=\"http:\/\/www.expressen.se\/debatt\/1.1867622\/eva-sternberg-birgitta-ohlsson-borde-stanna-hemma\">utgjuter sig<\/a> i dag \u00f6ver Birgitta Ohlssons upph\u00f6jelse till EU-minister. Sternberg menar att Ohlsson borde ha tackat nej till jobbet eftersom hon \u00e4r med barn.<\/p>\n<p>P\u00e5 notisledarplats i DN \u00e5terupplever en annan frontfigur, Hanne Kj\u00f6ller, \u00e4nnu en av sina k\u00e4nslostormar. Denna g\u00e5ng inbjuds l\u00e4sarna att dela Kj\u00f6llers v\u00e5nda att som nybliven mor vinka adj\u00f6 till sitt barn.<\/p>\n<p>Budskapet till Ohlsson g\u00e5r inte att missa: Eftersom det p\u00e5 grund av hormontillfl\u00f6det var jobbigt f\u00f6r Hanne att l\u00e4mna sitt lilla barn kommer det ocks\u00e5 att bli jobbigt f\u00f6r Birgitta att g\u00f6ra det, d\u00e4rf\u00f6r borde Birgitta ha t\u00e4nkt p\u00e5 hormonerna och tackat nej till statsr\u00e5dsposten.<\/p>\n<p><strong>Sternberg och Kj\u00f6ller f\u00e5r<\/strong> ha vilka \u00e5sikter och privata erfarenheter de vill, min undran g\u00e4ller varf\u00f6r de inte kan l\u00e5ta bli att kleta ner Birgitta Ohlsson med dem?<\/p>\n<p>Stort grattis f\u00f6rresten till folkpartiets stridbara kvinna! (Vars \u00e5sikter jag inte heller delar alla g\u00e5nger, men det \u00e4r som sagt var en annan sak).<\/p>\n","protected":false},"excerpt":{"rendered":"<p>En av Kvinnor Kan:s frontfigurer, Eva Sternberg, utgjuter sig i dag \u00f6ver Birgitta Ohlssons upph\u00f6jelse till EU-minister. Sternberg menar att Ohlsson borde ha tackat nej till jobbet eftersom hon \u00e4r med barn. P\u00e5 notisledarplats i DN \u00e5terupplever en annan frontfigur, Hanne Kj\u00f6ller, \u00e4nnu en av sina k\u00e4nslostormar. Denna g\u00e5ng inbjuds l\u00e4sarna att dela Kj\u00f6llers v\u00e5nda&hellip;<\/p>\n<p class=\"more-link-p\"><a class=\"more-link\" href=\"https:\/\/www.mariaabrahamsson.nu\/index.php\/2010\/02\/03\/ohlsson-lyssna-inte-pa-stenberg-och-kjoller\/\">Read more &rarr;<\/a><\/p>\n","protected":false},"author":2,"featured_media":0,"comment_status":"open","ping_status":"open","sticky":false,"template":"","format":"standard","meta":{"footnotes":""},"categories":[1],"tags":[],"class_list":["post-1200","post","type-post","status-publish","format-standard","hentry","category-uncategorized"],"_links":{"self":[{"href":"https:\/\/www.mariaabrahamsson.nu\/index.php\/wp-json\/wp\/v2\/posts\/1200","targetHints":{"allow":["GET"]}}],"collection":[{"href":"https:\/\/www.mariaabrahamsson.nu\/index.php\/wp-json\/wp\/v2\/posts"}],"about":[{"href":"https:\/\/www.mariaabrahamsson.nu\/index.php\/wp-json\/wp\/v2\/types\/post"}],"author":[{"embeddable":true,"href":"https:\/\/www.mariaabrahamsson.nu\/index.php\/wp-json\/wp\/v2\/users\/2"}],"replies":[{"embeddable":true,"href":"https:\/\/www.mariaabrahamsson.nu\/index.php\/wp-json\/wp\/v2\/comments?post=1200"}],"version-history":[{"count":0,"href":"https:\/\/www.mariaabrahamsson.nu\/index.php\/wp-json\/wp\/v2\/posts\/1200\/revisions"}],"wp:attachment":[{"href":"https:\/\/www.mariaabrahamsson.nu\/index.php\/wp-json\/wp\/v2\/media?parent=1200"}],"wp:term":[{"taxonomy":"category","embeddable":true,"href":"https:\/\/www.mariaabrahamsson.nu\/index.php\/wp-json\/wp\/v2\/categories?post=1200"},{"taxonomy":"post_tag","embeddable":true,"href":"https:\/\/www.mariaabrahamsson.nu\/index.php\/wp-json\/wp\/v2\/tags?post=1200"}],"curies":[{"name":"wp","href":"https:\/\/api.w.org\/{rel}","templated":true}]}}