{"id":1191,"date":"2010-02-02T11:25:44","date_gmt":"2010-02-02T11:25:44","guid":{"rendered":"http:\/\/www.mariaabrahamsson.nu\/?p=1191"},"modified":"2010-02-02T11:54:49","modified_gmt":"2010-02-02T11:54:49","slug":"nej-socialstyrelsen-ska-inte-utreda-brott","status":"publish","type":"post","link":"https:\/\/www.mariaabrahamsson.nu\/index.php\/2010\/02\/02\/nej-socialstyrelsen-ska-inte-utreda-brott\/","title":{"rendered":"Nej, socialstyrelsen ska inte utreda brott"},"content":{"rendered":"<p><strong>Aprop\u00e5 \u00e5talet mot <\/strong>\u00f6verl\u00e4karen p\u00e5 Astrid Lindgrens barnsjukhus. Var det fel eller r\u00e4tt av \u00e5klagaren att \u00e5tala?<\/p>\n<p>Sj\u00e4lv har sv\u00e5rt att t\u00e4nka mig n\u00e5got v\u00e4rre \u00e4n att inte f\u00e5 en chans att f\u00f6rklara mig inf\u00f6r domstol, s\u00e4rskilt i en situation d\u00e4r anklagelserna har haglat och varit s\u00e5 pass grova. Mitt svar \u00e4r allts\u00e5 ja, det var r\u00e4tt att \u00e5tala barnl\u00e4karen.<\/p>\n<p><strong>Och varf\u00f6r brottsmisstankar <\/strong>mot v\u00e5rdpersonal inte ska utredas av Socialstyrelsen, vilket har f\u00f6reslagits fr\u00e5n olika h\u00e5ll, f\u00f6rklarar juristen <a href=\"http:\/\/martenschultz.wordpress.com\/\">M\u00e5rten Schultz <\/a>imponerande tydligt\u00a0<a href=\"http:\/\/www.sr.se\/webbradio\/?type=db&amp;Id=2184426&amp;BroadcastDate=&amp;IsBlock=0\">h\u00e4r<\/a>.<\/p>\n","protected":false},"excerpt":{"rendered":"<p>Aprop\u00e5 \u00e5talet mot \u00f6verl\u00e4karen p\u00e5 Astrid Lindgrens barnsjukhus. Var det fel eller r\u00e4tt av \u00e5klagaren att \u00e5tala? Sj\u00e4lv har sv\u00e5rt att t\u00e4nka mig n\u00e5got v\u00e4rre \u00e4n att inte f\u00e5 en chans att f\u00f6rklara mig inf\u00f6r domstol, s\u00e4rskilt i en situation d\u00e4r anklagelserna har haglat och varit s\u00e5 pass grova. Mitt svar \u00e4r allts\u00e5 ja, det&hellip;<\/p>\n<p class=\"more-link-p\"><a class=\"more-link\" href=\"https:\/\/www.mariaabrahamsson.nu\/index.php\/2010\/02\/02\/nej-socialstyrelsen-ska-inte-utreda-brott\/\">Read more &rarr;<\/a><\/p>\n","protected":false},"author":2,"featured_media":0,"comment_status":"open","ping_status":"open","sticky":false,"template":"","format":"standard","meta":{"footnotes":""},"categories":[1],"tags":[],"class_list":["post-1191","post","type-post","status-publish","format-standard","hentry","category-uncategorized"],"_links":{"self":[{"href":"https:\/\/www.mariaabrahamsson.nu\/index.php\/wp-json\/wp\/v2\/posts\/1191","targetHints":{"allow":["GET"]}}],"collection":[{"href":"https:\/\/www.mariaabrahamsson.nu\/index.php\/wp-json\/wp\/v2\/posts"}],"about":[{"href":"https:\/\/www.mariaabrahamsson.nu\/index.php\/wp-json\/wp\/v2\/types\/post"}],"author":[{"embeddable":true,"href":"https:\/\/www.mariaabrahamsson.nu\/index.php\/wp-json\/wp\/v2\/users\/2"}],"replies":[{"embeddable":true,"href":"https:\/\/www.mariaabrahamsson.nu\/index.php\/wp-json\/wp\/v2\/comments?post=1191"}],"version-history":[{"count":0,"href":"https:\/\/www.mariaabrahamsson.nu\/index.php\/wp-json\/wp\/v2\/posts\/1191\/revisions"}],"wp:attachment":[{"href":"https:\/\/www.mariaabrahamsson.nu\/index.php\/wp-json\/wp\/v2\/media?parent=1191"}],"wp:term":[{"taxonomy":"category","embeddable":true,"href":"https:\/\/www.mariaabrahamsson.nu\/index.php\/wp-json\/wp\/v2\/categories?post=1191"},{"taxonomy":"post_tag","embeddable":true,"href":"https:\/\/www.mariaabrahamsson.nu\/index.php\/wp-json\/wp\/v2\/tags?post=1191"}],"curies":[{"name":"wp","href":"https:\/\/api.w.org\/{rel}","templated":true}]}}