{"id":11892,"date":"2017-09-17T10:35:25","date_gmt":"2017-09-17T08:35:25","guid":{"rendered":"http:\/\/www.mariaabrahamsson.nu\/?p=11892"},"modified":"2020-10-30T16:09:33","modified_gmt":"2020-10-30T15:09:33","slug":"stefan-ursakta-om-jag-blir-personlig-med-dig","status":"publish","type":"post","link":"https:\/\/www.mariaabrahamsson.nu\/index.php\/2017\/09\/17\/stefan-ursakta-om-jag-blir-personlig-med-dig\/","title":{"rendered":"Stefan, urs\u00e4kta om jag blir personlig med dig"},"content":{"rendered":"<p><strong>Fredagen f\u00f6re<\/strong>\u00a0riksm\u00f6tets h\u00f6gtidliga \u00f6ppnande avstyrkte Lagr\u00e5det regeringens f\u00f6rslag till straffsk\u00e4rpningar f\u00f6r de grova vapenbrotten. Att regeringen f\u00e5r bakl\u00e4xa av Lagr\u00e5det \u00e4r inte helt ovanligt och brukar bero p\u00e5 att f\u00f6rslagen \u00e4r slarvigt utformade eller att konsekvenserna inte \u00e4r tillr\u00e4ckligt utredda. Men den h\u00e4r g\u00e5ngen \u00e4r kritiken s\u00e5 allvarlig att f\u00f6rslaget fr\u00e5n Justitiedepartementet bed\u00f6ms inte ens kunna &#8221;ligga till grund f\u00f6r lagstiftning&#8221;.<!--more--><\/p>\n<p>Remissinstanserna fick en ynka sommarm\u00e5nad p\u00e5 sig att komma in med yttrande, och det inneb\u00e4r enligt Lagr\u00e5det att grundlagens krav p\u00e5 att lagstiftning ska vara tillr\u00e4ckligt utredd inte \u00e4r uppfyllt. I regeringsformen 7 kap. 2 \u00a7 stadgas: <i>Vid beredningen av regerings\u00e4renden <\/i><i>ska beh\u00f6vliga upplysningar och yttranden inh\u00e4mtas fr\u00e5n ber\u00f6rda myndigheter. Upplysningar och yttranden ska ocks\u00e5 i den omfattning som beh\u00f6vs inh\u00e4mtas fr\u00e5n kommuner. \u00c4ven sammanslutningar och enskilda ska i den omfattning som beh\u00f6vs ges m\u00f6jlighet att yttra sig.<\/i><\/p>\n<p><strong>Knappast n\u00e5gon politisk<\/strong> intresserad person kan ha missat att i sp\u00e5ren av den upptrappade g\u00e4ngkriminaliteten, som slukar polisresurser och som drar in oskyldiga m\u00e4nniskor i d\u00f6dsskjutningar, har statsministern liksom hans tidigare inrikesminister Anders Ygeman och numera justitieminister Morgan Johansson g\u00e5ng p\u00e5 g\u00e5ng f\u00f6rs\u00f6kt kyla ner allm\u00e4nhetens oro med att h\u00e4nvisa till kommande straffsk\u00e4rpningar i vapenlagen. Ja, \u00e4ven mediernas och vanligt folks fr\u00e5gor om vad som g\u00f6rs fr\u00e5n regeringens sida f\u00f6r att f\u00f6rebygga terrorhot och hantera \u00e5terv\u00e4ndande IS-terrorister har bem\u00f6tts med lugnande ord om straffsk\u00e4rpningar i vapenlagen. S\u00e5 visst kan jag f\u00f6rst\u00e5 att Stefan L\u00f6fven i sin sista <a href=\"http:\/\/www.regeringen.se\/4a5f9b\/contentassets\/2c1a5ff9c9204c12bb62257ee7775aab\/regeringsforklaringen-2017.pdf\">regeringsf\u00f6rklaring<\/a>\u00a0(sidan 6) upprepar att straffen f\u00f6r grova vapenbrott ska sk\u00e4rpas, samtidigt som han l\u00e5tsas att Lagr\u00e5dets s\u00e5gning av samma f\u00f6rslag aldrig hade h\u00e4nt. Lagr\u00e5dets yttrande kan l\u00e4sas <a href=\"http:\/\/lagradet.se\/yttranden\/Skjutvapen%20och%20explosiva%20varor%20%96%20skarpta%20straff%20for%20de%20grova%20brotten.pdf\">h\u00e4r<\/a>.<\/p>\n<p>En annan passus i L\u00f6fvens regeringsf\u00f6rklaring tar sikte p\u00e5 skyddet f\u00f6r sjukv\u00e5rdare, poliser och annan bl\u00e5ljuspersonal. \u00c4ven h\u00e4r\u00a0lovar L\u00f6fven starkare skydd &#8211; sammanfattat med orden: R\u00f6r inte v\u00e5ra hj\u00e4ltar! Minns hur jag i min b\u00e4nk t\u00e4nkte: \u00c4ntligen, bra L\u00f6fven! Viktigt.<\/p>\n<p><strong>Men verkligheten f\u00f6rekom<\/strong> statsministern. Och nu citerar jag ur en <a href=\"https:\/\/www.svd.se\/medan-statsministern-talade-i-riksdagen\">kr\u00f6nika<\/a>\u00a0signerad statsvetaren Katarina Barrling:<\/p>\n<p>.<em>.. I Botkyrka utsattes en anh\u00f6rig till en polisanst\u00e4lld f\u00f6r vad som misst\u00e4nks vara ett kidnappningsf\u00f6rs\u00f6k. \u00c4rendet utreds som \u201den s\u00e4rskild h\u00e4ndelse\u201d och som f\u00f6rs\u00f6k till m\u00e4nniskorov, och polisf\u00f6rbundets ordf\u00f6rande Lena Nitz beskriver det som \u2013 just det \u2013 ett hot mot demokratin. Hon \u00f6verdriver inte.<\/em><\/p>\n<p><em>Samtidigt som polisen jagade f\u00f6r\u00f6varna, t\u00e5gade demokratins festkl\u00e4dda g\u00e4ster in i riksdagen d\u00e4r statsministern l\u00e4ste upp sin regeringsf\u00f6rklaring: \u201dSkyddet f\u00f6r bl\u00e5ljuspersonal och sjukv\u00e5rdspersonal ska st\u00e4rkas. V\u00e5rt gemensamma budskap \u00e4r: R\u00f6r inte v\u00e5ra hj\u00e4ltar!\u201d<\/em><\/p>\n<p><strong>Sexualbrott \u00e4r avskyv\u00e4rda, l\u00e4ser jag<\/strong> p\u00e5 sidan 7 i L\u00f6fvens regeringsf\u00f6rklaring. Ingen normalt funtad person tvivlar v\u00e4l p\u00e5 att statsministern menar vad han s\u00e4ger. \u00c4nd\u00e5 har vi i L\u00f6fvens Sverige i veckan f\u00e5tt h\u00f6ra hur svensk polis k\u00e4nner sig tvingad att <a href=\"https:\/\/www.svt.se\/nyheter\/inrikes\/polisen-hinner-inte-med-valdtakter-pa-grund-av-mord\">prioritera bort<\/a>\u00a0brottsanm\u00e4lningar d\u00e4r barn har utsatts f\u00f6r v\u00e5ldt\u00e4kt, \u00e4ven n\u00e4r det finns en utpekad g\u00e4rningsman. Ja, eftersom de m\u00e5nga och tidskr\u00e4vande g\u00e4ngmordutredningarna m\u00e5ste g\u00e5 f\u00f6re. Utredningar som p\u00e5 grund av tysthetskulturer och skr\u00e4mda vittnen ofta inte leder n\u00e5gon vart, medan en misst\u00e4nkt barnv\u00e5ldt\u00e4kt med namngiven g\u00e4rningsman skulle kunna klaras upp med en klart begr\u00e4nsad polisinsats.<\/p>\n<p>Arbetet med att g\u00f6ra Barnkonventionen till svensk lag den 1 januari 2020 forts\u00e4tter, l\u00e4ser L\u00f6fven i kammaren (<a href=\"http:\/\/www.regeringen.se\/4a5f9b\/contentassets\/2c1a5ff9c9204c12bb62257ee7775aab\/regeringsforklaringen-2017.pdf\">regeringsf\u00f6rklaringen<\/a> sidan 12). Statsministern g\u00f6r sig iskallt nollst\u00e4lld inf\u00f6r det faktum att de flesta tunga remissinstansers bed\u00f6mning \u00e4r att en inkorporering av Barnkonventionen inte \u00e4r n\u00e5gon garant f\u00f6r att barns r\u00e4ttigheter tas om hand b\u00e4ttre \u00e4n med de svenska konventionsanpassade lagar som redan finns. Snarare riskerar motsatsen att intr\u00e4ffa. Jag har utvecklat min syn p\u00e5 saken\u00a0<a href=\"http:\/\/www.mariaabrahamsson.nu\/index.php\/2016\/10\/16\/lofven-later-prestigen-ga-fore-barnen\/\">h\u00e4r<\/a>.<\/p>\n<p><strong>Vad Lagr\u00e5det sa om Barnkonventionen?<\/strong> Man\u00a0avstyrkte\u00a0i klara ordalag och framh\u00f6ll, ut\u00f6ver annan f\u00f6r\u00f6dande kritik, att &#8221;det kan betvivlas att lagefterlevnaden blir b\u00e4ttre om det inf\u00f6rs ytterligare ett lager av best\u00e4mmelser&#8221;.<\/p>\n<p>Men barnens b\u00e4sta v\u00e4ger l\u00e4tt n\u00e4r politisk prestige och m\u00f6jlighet att plocka politiska po\u00e4nger ligger i andra v\u00e5gsk\u00e5len. Lagr\u00e5dets yttrande finns <a href=\"http:\/\/lagradet.se\/yttranden\/Inkorporering%20av%20FNs%20konvention%20om%20barnets%20rattigheter.pdf\">h\u00e4r<\/a>.<\/p>\n<p><strong>&#8211; Stefan, du f\u00e5r urs\u00e4kta<\/strong> om jag blir personlig med dig. Men hur kunde du framf\u00f6r Sveriges h\u00f6gsta politiska f\u00f6rsamling och d\u00e4rtill inf\u00f6r Hans Majest\u00e4t Konungen l\u00e4sa upp s\u00e5dan rappakalja som du gjorde i tisdags? F\u00f6rst\u00e5r du inte att man blir bottenl\u00f6st besviken?<\/p>\n","protected":false},"excerpt":{"rendered":"<p>Fredagen f\u00f6re\u00a0riksm\u00f6tets h\u00f6gtidliga \u00f6ppnande avstyrkte Lagr\u00e5det regeringens f\u00f6rslag till straffsk\u00e4rpningar f\u00f6r de grova vapenbrotten. Att regeringen f\u00e5r bakl\u00e4xa av Lagr\u00e5det \u00e4r inte helt ovanligt och brukar bero p\u00e5 att f\u00f6rslagen \u00e4r slarvigt utformade eller att konsekvenserna inte \u00e4r tillr\u00e4ckligt utredda. Men den h\u00e4r g\u00e5ngen \u00e4r kritiken s\u00e5 allvarlig att f\u00f6rslaget fr\u00e5n Justitiedepartementet bed\u00f6ms inte ens&hellip;<\/p>\n<p class=\"more-link-p\"><a class=\"more-link\" href=\"https:\/\/www.mariaabrahamsson.nu\/index.php\/2017\/09\/17\/stefan-ursakta-om-jag-blir-personlig-med-dig\/\">Read more &rarr;<\/a><\/p>\n","protected":false},"author":2,"featured_media":0,"comment_status":"open","ping_status":"open","sticky":false,"template":"","format":"standard","meta":{"footnotes":""},"categories":[1],"tags":[228],"class_list":["post-11892","post","type-post","status-publish","format-standard","hentry","category-uncategorized","tag-lofven"],"_links":{"self":[{"href":"https:\/\/www.mariaabrahamsson.nu\/index.php\/wp-json\/wp\/v2\/posts\/11892","targetHints":{"allow":["GET"]}}],"collection":[{"href":"https:\/\/www.mariaabrahamsson.nu\/index.php\/wp-json\/wp\/v2\/posts"}],"about":[{"href":"https:\/\/www.mariaabrahamsson.nu\/index.php\/wp-json\/wp\/v2\/types\/post"}],"author":[{"embeddable":true,"href":"https:\/\/www.mariaabrahamsson.nu\/index.php\/wp-json\/wp\/v2\/users\/2"}],"replies":[{"embeddable":true,"href":"https:\/\/www.mariaabrahamsson.nu\/index.php\/wp-json\/wp\/v2\/comments?post=11892"}],"version-history":[{"count":1,"href":"https:\/\/www.mariaabrahamsson.nu\/index.php\/wp-json\/wp\/v2\/posts\/11892\/revisions"}],"predecessor-version":[{"id":13489,"href":"https:\/\/www.mariaabrahamsson.nu\/index.php\/wp-json\/wp\/v2\/posts\/11892\/revisions\/13489"}],"wp:attachment":[{"href":"https:\/\/www.mariaabrahamsson.nu\/index.php\/wp-json\/wp\/v2\/media?parent=11892"}],"wp:term":[{"taxonomy":"category","embeddable":true,"href":"https:\/\/www.mariaabrahamsson.nu\/index.php\/wp-json\/wp\/v2\/categories?post=11892"},{"taxonomy":"post_tag","embeddable":true,"href":"https:\/\/www.mariaabrahamsson.nu\/index.php\/wp-json\/wp\/v2\/tags?post=11892"}],"curies":[{"name":"wp","href":"https:\/\/api.w.org\/{rel}","templated":true}]}}