{"id":11833,"date":"2017-04-11T17:52:08","date_gmt":"2017-04-11T15:52:08","guid":{"rendered":"http:\/\/www.mariaabrahamsson.nu\/?p=11833"},"modified":"2020-11-01T12:06:02","modified_gmt":"2020-11-01T11:06:02","slug":"om-de-blomsterprydda-polisbilarna-akut-behover-rycka-ut","status":"publish","type":"post","link":"https:\/\/www.mariaabrahamsson.nu\/index.php\/2017\/04\/11\/om-de-blomsterprydda-polisbilarna-akut-behover-rycka-ut\/","title":{"rendered":"Om de blomsterprydda polisbilarna akut beh\u00f6ver rycka ut?"},"content":{"rendered":"<p><strong>Precis som hela Sverige<\/strong> har jag r\u00f6rd till t\u00e5rar framf\u00f6r teven &#8211; och p\u00e5 plats, viktigt till\u00e4gg som Stockholmspolitiker &#8211; bevittnat tacksamheten och \u00f6mheten som har visats tj\u00e4nstg\u00f6rande poliser i samband med terrorattacken mot v\u00e5r huvudstad. Men de blomsterprydda polisfordonen runt omkring Sergels Torg som \u00e4r p\u00e5 allas n\u00e4thinna, jag har r\u00e4knat till fem, de st\u00e5r d\u00e4r som hyllningsmonument \u00f6ver en framg\u00e5ngsrik polisinsats. Vackert. R\u00e4ttvist. Men vad h\u00e4nder om polisfordonen beh\u00f6vs? En ny terrorattack? S\u00e4kerhetst\u00e4nk?<\/p>\n<p>\u00c5siktsfrihet ska vi ha, och den \u00e4r okr\u00e4nkbar. Samma med yttrandefriheten. Och m\u00f6tesfriheten. Men bara s\u00e5 l\u00e4nge dessa r\u00e4ttigheter ut\u00f6vas med fredliga medel och under lagarna. Fanatiker som ger uttryck f\u00f6r vad de k\u00e4nner med hot och v\u00e5ld och som vill p\u00e5tvinga andra sin egen \u00f6vertygelse har ingen plats i v\u00e5r typ av samh\u00e4lle. D\u00e4rf\u00f6r och mot bakgrund av fredagens terrorattack i centrala Stockholm finns det anledning att med \u00f6ppna \u00f6gon se \u00f6ver vad som ska g\u00e4lla i fr\u00e5ga om m\u00e4nskliga fri- och r\u00e4ttigheter, ocks\u00e5 n\u00e4r dessa \u00e4r grundade i internationella konventioner. R\u00e4ttighetsskyddet i v\u00e5ra grundlagar \u00e4r inte heller ristat i sten. N\u00e4r verkligheten f\u00f6r\u00e4ndras b\u00f6r man anpassa sig till den, \u00e4ven om det bryter mot invanda f\u00f6rest\u00e4llningar.\u00a0En som beskriver detta sv\u00e5ra p\u00e5 ett beg\u00e5vat s\u00e4tt \u00e4r SvD:s Jenny Norberg &#8211; l\u00e4s <a href=\"https:\/\/www.svd.se\/priset-for-att-bo-i-en-storstad\">h\u00e4r<\/a>.<\/p>\n<p><strong>Efter detta preludium<\/strong> &#8211; man beh\u00f6ver inte ha facit i hand f\u00f6r att konstatera att det \u00e4r n\u00e5got tokigt med ett asylsystem d\u00e4r en person som likt den f\u00f6r terrorbrott h\u00e4ktade Rakhmat Akilov kan uppeh\u00e5lla sig i Sverige trots Migrationsverkets utvisningsbeslut. Polisen saknar resurser att verkst\u00e4lla utvisningen och ser heller ingen mening med att alls anstr\u00e4nga sig, f\u00f6r tv\u00e5ngsvisa utvisningar f\u00e5r av h\u00e4nsyn till den utvisades m\u00e4nskliga r\u00e4ttigheter inte ske till Uzbekistan och andra skurkstater. D\u00e4rf\u00f6r har min partiledare &#8221;kallat&#8221; Rikspolischefen och S\u00e4pochefen till riksdagen f\u00f6r att f\u00e5 mer information om vad som kan och b\u00f6r g\u00f6ras.<\/p>\n<p>Visst kan man raljera \u00f6ver initiativet, men man kan ocks\u00e5 konstatera att som oppositionsparti har man Sveriges riksdag som arena. V\u00e5r h\u00f6gsta politiska f\u00f6rsamling har en moderat <a href=\"https:\/\/www.riksdagen.se\/sv\/ledamoter-partier\/ledamot\/beatrice-ask_d7c31ae1-83e4-11d4-ae60-0050040c9b55\">ordf\u00f6rande <\/a>i Justitieutskottet, och det vore v\u00e4l n\u00e4rmast oansvarigt av moderatledaren att i denna stund inte ta hj\u00e4lp av en centralt placerad partikamrat f\u00f6r att f\u00e5 mer klarhet i vad som beh\u00f6ver g\u00f6ras f\u00f6r att f\u00f6rhinder fler terrorattentat?<\/p>\n<p><strong>Batongkongressen,<\/strong> nej jag har inte kommit p\u00e5 det sj\u00e4lv utan skyller p\u00e5 <a href=\"http:\/\/www.expressen.se\/nyheter\/den-nye-stefan-lofven-ar-fodd\/\">Torbj\u00f6rn Nilsson<\/a>, jag menar s\u00e5 klart S-kongressen. Det har uppst\u00e5tt en diskussion om hur osmakligt det \u00e4r med oppositionspolitiker som tar sig friheten att dryfta behovet av politiska l\u00f6sningar f\u00f6r att f\u00f6rhindra att fredagens terrorattack intr\u00e4ffar igen. Detta \u00e4r naturligtvis trams och \u00e4nnu ett uttryck f\u00f6r S-partiets uppbl\u00e5sta sj\u00e4lvbild, som i det h\u00e4r fallet tycks inneb\u00e4ra att det \u00e4r helt i sin ordning att politisk debatt i \u00e4mnet f\u00f6rs p\u00e5 den p\u00e5g\u00e5ende S-kongressen i G\u00f6teborg medan politiker som tillh\u00f6r andra partier och i skarpt l\u00e4ge jobbar f\u00f6r h\u00f6gtryck p\u00e5 sina respektive kanslier f\u00f6r att inventera gamla f\u00f6rslag och nya l\u00f6sningar, inte b\u00f6r &#8221;k\u00e4bbla&#8221; utan ta h\u00e4nsyn till stundens allvar.<\/p>\n<p>Om fredagens terrorattentat mot Stockholm skulle l\u00e4gga munkavel p\u00e5 riksdagens opposition \u00e4r det inte mycket bev\u00e4nt med den svenska demokratin.<\/p>\n","protected":false},"excerpt":{"rendered":"<p>Precis som hela Sverige har jag r\u00f6rd till t\u00e5rar framf\u00f6r teven &#8211; och p\u00e5 plats, viktigt till\u00e4gg som Stockholmspolitiker &#8211; bevittnat tacksamheten och \u00f6mheten som har visats tj\u00e4nstg\u00f6rande poliser i samband med terrorattacken mot v\u00e5r huvudstad. Men de blomsterprydda polisfordonen runt omkring Sergels Torg som \u00e4r p\u00e5 allas n\u00e4thinna, jag har r\u00e4knat till fem, de&hellip;<\/p>\n<p class=\"more-link-p\"><a class=\"more-link\" href=\"https:\/\/www.mariaabrahamsson.nu\/index.php\/2017\/04\/11\/om-de-blomsterprydda-polisbilarna-akut-behover-rycka-ut\/\">Read more &rarr;<\/a><\/p>\n","protected":false},"author":2,"featured_media":0,"comment_status":"open","ping_status":"open","sticky":false,"template":"","format":"standard","meta":{"footnotes":""},"categories":[1],"tags":[247],"class_list":["post-11833","post","type-post","status-publish","format-standard","hentry","category-uncategorized","tag-polisen"],"_links":{"self":[{"href":"https:\/\/www.mariaabrahamsson.nu\/index.php\/wp-json\/wp\/v2\/posts\/11833","targetHints":{"allow":["GET"]}}],"collection":[{"href":"https:\/\/www.mariaabrahamsson.nu\/index.php\/wp-json\/wp\/v2\/posts"}],"about":[{"href":"https:\/\/www.mariaabrahamsson.nu\/index.php\/wp-json\/wp\/v2\/types\/post"}],"author":[{"embeddable":true,"href":"https:\/\/www.mariaabrahamsson.nu\/index.php\/wp-json\/wp\/v2\/users\/2"}],"replies":[{"embeddable":true,"href":"https:\/\/www.mariaabrahamsson.nu\/index.php\/wp-json\/wp\/v2\/comments?post=11833"}],"version-history":[{"count":1,"href":"https:\/\/www.mariaabrahamsson.nu\/index.php\/wp-json\/wp\/v2\/posts\/11833\/revisions"}],"predecessor-version":[{"id":13566,"href":"https:\/\/www.mariaabrahamsson.nu\/index.php\/wp-json\/wp\/v2\/posts\/11833\/revisions\/13566"}],"wp:attachment":[{"href":"https:\/\/www.mariaabrahamsson.nu\/index.php\/wp-json\/wp\/v2\/media?parent=11833"}],"wp:term":[{"taxonomy":"category","embeddable":true,"href":"https:\/\/www.mariaabrahamsson.nu\/index.php\/wp-json\/wp\/v2\/categories?post=11833"},{"taxonomy":"post_tag","embeddable":true,"href":"https:\/\/www.mariaabrahamsson.nu\/index.php\/wp-json\/wp\/v2\/tags?post=11833"}],"curies":[{"name":"wp","href":"https:\/\/api.w.org\/{rel}","templated":true}]}}