{"id":11799,"date":"2017-03-03T15:55:13","date_gmt":"2017-03-03T14:55:13","guid":{"rendered":"http:\/\/www.mariaabrahamsson.nu\/?p=11799"},"modified":"2017-03-03T16:04:56","modified_gmt":"2017-03-03T15:04:56","slug":"remisskritiken-raddar-regeringen","status":"publish","type":"post","link":"https:\/\/www.mariaabrahamsson.nu\/index.php\/2017\/03\/03\/remisskritiken-raddar-regeringen\/","title":{"rendered":"Remisskritiken r\u00e4ddar regeringen"},"content":{"rendered":"<p><strong>\u2013\u00a0Det vore ju v\u00e4ldigt dumt<\/strong> att genomf\u00f6ra f\u00f6rslag som inte \u00e4r bra.<\/p>\n<p>En sj\u00e4lvklar\u00a0kommentar\u00a0kan tyckas. Men inte i lagstiftningssammanhang. D\u00e4rf\u00f6r blev jag s\u00e5 \u00f6verraskad av finansministern Magdalena Anderssons uttalande. Och hon verkar dessb\u00e4ttre mena allvar. Andersson <a href=\"http:\/\/www.dn.se\/ekonomi\/regeringen-skrotar-kilometerskatten\/\">avvisar<\/a>\u00a0det f\u00f6rsenade och i f\u00f6rv\u00e4g kritiserade utredningsf\u00f6rslaget (bl a\u00a0<a href=\"http:\/\/www.skogsindustrierna.se\/vara-asikter\/aktuella-fragor\/vagslitageskatt\/\">h\u00e4r<\/a>\u00a0och <a href=\"http:\/\/www.op.se\/opinion\/debatt\/debatt-vagslitageskatt-drabbar-alla\">h\u00e4r<\/a>)\u00a0(direktiven <a href=\"https:\/\/www.riksdagen.se\/sv\/dokument-lagar\/dokument\/kommittedirektiv\/avstandsbaserad-vagslitageskatt-for-tunga_H3B147\">h\u00e4r<\/a> och <a href=\"http:\/\/www.regeringen.se\/rattsdokument\/kommittedirektiv\/2016\/11\/dir.-201696\/\">h\u00e4r<\/a>) om att inf\u00f6ra en\u00a0<a href=\"http:\/\/www.regeringen.se\/pressmeddelanden\/2015\/05\/utredning-om-avstandsbaserad-vagslitageskatt-for-tunga-lastbilar\/\">v\u00e4gslitageskatt<\/a>. Eller kilometerskatt, om man vill retas med Anderssons regeringskolleger i Milj\u00f6partiet.<\/p>\n<p><strong>Finansmarknadsminister Per Bolunds<\/strong>\u00a0<a href=\"http:\/\/www.affarsvarlden.se\/bors-ekonominyheter\/ny-finansskatt-vantas-ge-miljardintakter-6802432\">finansskatt<\/a> &#8211; ocks\u00e5 kallad bankskatt &#8211; \u00e4r ett annat f\u00f6rslag d\u00e4r regeringen nyligen tvingades\u00a0<a href=\"http:\/\/www.di.se\/nyheter\/magdalena-andersson-bankskatten-ska-inforas\/\">dra i handbromsen<\/a>\u00a0p\u00e5 grund av h\u00e5rd\u00a0<a href=\"http:\/\/www.dn.se\/ekonomi\/regeringen-ska-andra-forslag-om-finansskatt\/\">remisskritik<\/a>. \u00c4ven denna grundst\u00f6tning var l\u00e4tt att f\u00f6rutse, och visst kan man d\u00e4rf\u00f6r kritisera regeringen \u00a0f\u00f6r att missbruka utredningsv\u00e4sendet.<\/p>\n<p>V\u00e4nsterpartiet har som bekant ocks\u00e5 st\u00e4llt villkor f\u00f6r att st\u00f6dja regeringens budget. H\u00f6gst prioriterat \u00e4r &#8221;stopp f\u00f6r vinstjakten i v\u00e4lf\u00e4rden&#8221;. <a href=\"http:\/\/www.svarareepalu.nu\/?gclid=CPu-8KeyutICFVNkGQodXJIHNQ\">Remisskritik<\/a>\u00a0&#8211; denna g\u00e5ng mot den reepaluska utredningen &#8211; r\u00e4ddar \u00e4n en g\u00e5ng regeringen fr\u00e5n att beh\u00f6va framh\u00e4rda med rena stolligheter.<\/p>\n<p><strong>Men vad med v\u00e4nsterpartiets<\/strong> krav p\u00e5 att\u00a0f\u00f6rbjuda privatisering av universitetssjukhus och &#8221;privata gr\u00e4ddfiler i v\u00e5rden&#8221;? I <a href=\"http:\/\/www.dn.se\/nyheter\/politik\/regeringen-vill-forbjuda-graddfil-i-varden\/\">DN<\/a> medger v\u00e4nsterns Ulla Andersson att n\u00e5gra bevis f\u00f6r att gr\u00e4ddfiler existerar i v\u00e5rden finns inte, inte heller \u00e4r det n\u00e5gonstans aktuellt att s\u00e4lja universitetssjukhus. Utan nu handlar det om att &#8221;st\u00e4mma i b\u00e4cken&#8221;, menar Andersson.<\/p>\n<p>V\u00e5gar man hoppas att\u00a0regeringen kommer lyssna p\u00e5 remisskritiken \u00e4ven denna g\u00e5ng? F\u00f6r som sagt &#8211; det vore ju v\u00e4ldigt dumt att genomf\u00f6ra f\u00f6rslag som inte \u00e4r bra.<\/p>\n","protected":false},"excerpt":{"rendered":"<p>\u2013\u00a0Det vore ju v\u00e4ldigt dumt att genomf\u00f6ra f\u00f6rslag som inte \u00e4r bra. En sj\u00e4lvklar\u00a0kommentar\u00a0kan tyckas. Men inte i lagstiftningssammanhang. D\u00e4rf\u00f6r blev jag s\u00e5 \u00f6verraskad av finansministern Magdalena Anderssons uttalande. Och hon verkar dessb\u00e4ttre mena allvar. Andersson avvisar\u00a0det f\u00f6rsenade och i f\u00f6rv\u00e4g kritiserade utredningsf\u00f6rslaget (bl a\u00a0h\u00e4r\u00a0och h\u00e4r)\u00a0(direktiven h\u00e4r och h\u00e4r) om att inf\u00f6ra en\u00a0v\u00e4gslitageskatt. Eller kilometerskatt,&hellip;<\/p>\n<p class=\"more-link-p\"><a class=\"more-link\" href=\"https:\/\/www.mariaabrahamsson.nu\/index.php\/2017\/03\/03\/remisskritiken-raddar-regeringen\/\">Read more &rarr;<\/a><\/p>\n","protected":false},"author":2,"featured_media":0,"comment_status":"open","ping_status":"open","sticky":false,"template":"","format":"standard","meta":{"footnotes":""},"categories":[1],"tags":[],"class_list":["post-11799","post","type-post","status-publish","format-standard","hentry","category-uncategorized"],"_links":{"self":[{"href":"https:\/\/www.mariaabrahamsson.nu\/index.php\/wp-json\/wp\/v2\/posts\/11799","targetHints":{"allow":["GET"]}}],"collection":[{"href":"https:\/\/www.mariaabrahamsson.nu\/index.php\/wp-json\/wp\/v2\/posts"}],"about":[{"href":"https:\/\/www.mariaabrahamsson.nu\/index.php\/wp-json\/wp\/v2\/types\/post"}],"author":[{"embeddable":true,"href":"https:\/\/www.mariaabrahamsson.nu\/index.php\/wp-json\/wp\/v2\/users\/2"}],"replies":[{"embeddable":true,"href":"https:\/\/www.mariaabrahamsson.nu\/index.php\/wp-json\/wp\/v2\/comments?post=11799"}],"version-history":[{"count":0,"href":"https:\/\/www.mariaabrahamsson.nu\/index.php\/wp-json\/wp\/v2\/posts\/11799\/revisions"}],"wp:attachment":[{"href":"https:\/\/www.mariaabrahamsson.nu\/index.php\/wp-json\/wp\/v2\/media?parent=11799"}],"wp:term":[{"taxonomy":"category","embeddable":true,"href":"https:\/\/www.mariaabrahamsson.nu\/index.php\/wp-json\/wp\/v2\/categories?post=11799"},{"taxonomy":"post_tag","embeddable":true,"href":"https:\/\/www.mariaabrahamsson.nu\/index.php\/wp-json\/wp\/v2\/tags?post=11799"}],"curies":[{"name":"wp","href":"https:\/\/api.w.org\/{rel}","templated":true}]}}