{"id":11793,"date":"2017-02-26T19:44:02","date_gmt":"2017-02-26T18:44:02","guid":{"rendered":"http:\/\/www.mariaabrahamsson.nu\/?p=11793"},"modified":"2020-11-01T12:22:51","modified_gmt":"2020-11-01T11:22:51","slug":"vada-svartmala-vada-gatt-sonder-vada-bagdad-bob","status":"publish","type":"post","link":"https:\/\/www.mariaabrahamsson.nu\/index.php\/2017\/02\/26\/vada-svartmala-vada-gatt-sonder-vada-bagdad-bob\/","title":{"rendered":"Vad\u00e5 svartm\u00e5la? Vad\u00e5 g\u00e5tt s\u00f6nder? Vad\u00e5 Bagdad Bob?"},"content":{"rendered":"<p><strong>Mycket fokus p\u00e5 bilden av Sverige nu &#8211;\u00a0<\/strong>och indignation p\u00e5 sina h\u00e5ll \u00f6ver att v\u00e5rt fina land svartm\u00e5las.<\/p>\n<p>Men inga s\u00e5na h\u00e4nsyn kan hindra mig fr\u00e5n att sprida\u00a0intervjun med den i bilen nyf\u00f6rl\u00f6sta mamman <a href=\"http:\/\/www.svt.se\/nyheter\/lokalt\/vasternorrland\/forsta-babyn-fodd-i-bilen-pa-vag-till-bb?cmpid=del:pd:ny:20170225:forsta-babyn-fodd-i-bilen-pa-vag-till-bb:nyh\">Emma Andersson<\/a>. Visst, det \u00e4r ingen nyhet att kvinnor har tvingats f\u00f6da fram barn under ruffa f\u00f6rh\u00e5llanden d\u00e5 man inte har hunnit i tid till n\u00e4rmaste f\u00f6rlossningsklinik. Det som uppr\u00f6r i Emmas fall \u00e4r att hon i h\u00f6gskattelandet Sverige var h\u00e4nvisad till att f\u00f6da i bilen p\u00e5 grund av\u00a0<a href=\"http:\/\/www.allehanda.se\/vasternorrland\/bb-fragan-avgjord-landstinget-lagger-ner-i-solleftea\">politikers<\/a> beslut att l\u00e4gga ner BB i Sollefte\u00e5. (Obs! Inte alliansen som styr d\u00e4r).<\/p>\n<p><strong>I Sveriges tredje st\u00f6rsta<\/strong> stad Malm\u00f6 blir\u00a0<a href=\"https:\/\/www.svd.se\/rutinerade-poliser-saknas-for-att-utreda-morden-i-malmo\">mordutredningar liggande<\/a>\u00a0i v\u00e4ntan p\u00e5 utredningsresurser. Detta trots att 100 till 150 poliser \u00e4r avdelade f\u00f6r att f\u00f6rs\u00f6ka l\u00f6sa de ouppklarade morden, och d\u00e4rmed binder stora utredningsresurser till men f\u00f6r kampen mot all \u00f6vrig brottslighet i staden och annorst\u00e4des. I klartext betyder det att sm\u00e5 som stora brott f\u00f6rblir ouppklarade och att m\u00f6rdarna i v\u00e4rsta fall g\u00e5r fria. F\u00f6r de m\u00f6rdades anh\u00f6riga \u00e4r detta sj\u00e4lslig tortyr.<\/p>\n<p>N\u00e4r v\u00e5rt lands polis i praktiken tvingas abdikera fr\u00e5n sin centrala uppgift att uppr\u00e4tth\u00e5lla r\u00e4ttstryggheten och s\u00e4kerst\u00e4lla r\u00e4ttsstaten, d\u00e5 beh\u00f6vs det inga p\u00e5hittade terrord\u00e5d f\u00f6r att svartm\u00e5la Sverige. Och om en saklig beskrivning av r\u00e4ttsstatens kollaps i Malm\u00f6 st\u00e4mplas som svartm\u00e5lning, ja d\u00e5 \u00e4r vi lika fel ute som n\u00e5gonsin Bagdad Bob. Eller som sossarna med sitt slagord om att borgerlig politik f\u00e5r Sverige att &#8221;g\u00e5 s\u00f6nder&#8221;.<\/p>\n<p><strong>&#8221;Trump hade fel<\/strong> och Sverige \u00e4r p\u00e5 det stora hela som det alltid varit&#8221;. Det \u00e4r inte jag utan den sanne europ\u00e9en Richard Swarts som <a href=\"http:\/\/www.dn.se\/ledare\/kolumner\/richard-swartz-sveriges-stund-i-rampljuset\/\">ironiserar.<\/a><\/p>\n<p>Vad kan d\u00e5 jag g\u00f6ra \u00e5t el\u00e4ndet mer \u00e4n att sitta framf\u00f6r tangentbordet och oja mig? N\u00e5gon mirakelkur finns inte, allt \u00e4r inte heller den nuvarande regeringens fel. Men n\u00e5gonstans m\u00e5ste man b\u00f6rja, och f\u00f6r min del inneb\u00e4r det att jag jobbar h\u00e5rt i en av mitt partis reformarbetsgrupper som enligt sina direktiv lagom till partist\u00e4mman i h\u00f6st ska presentera f\u00f6rslag p\u00e5 det lite sn\u00f6mosiga temat <a href=\"http:\/\/www.moderat.se\/sites\/default\/files\/attachments\/plan_for_ett_starkare_sverige_-_pm_reformgrupper.pdf\">trygghet att lita p\u00e5<\/a>. Beh\u00f6ver jag s\u00e4ga att vi k\u00e4nner v\u00e4ljarnas fl\u00e5s i nacken?<\/p>\n","protected":false},"excerpt":{"rendered":"<p>Mycket fokus p\u00e5 bilden av Sverige nu &#8211;\u00a0och indignation p\u00e5 sina h\u00e5ll \u00f6ver att v\u00e5rt fina land svartm\u00e5las. Men inga s\u00e5na h\u00e4nsyn kan hindra mig fr\u00e5n att sprida\u00a0intervjun med den i bilen nyf\u00f6rl\u00f6sta mamman Emma Andersson. Visst, det \u00e4r ingen nyhet att kvinnor har tvingats f\u00f6da fram barn under ruffa f\u00f6rh\u00e5llanden d\u00e5 man inte har&hellip;<\/p>\n<p class=\"more-link-p\"><a class=\"more-link\" href=\"https:\/\/www.mariaabrahamsson.nu\/index.php\/2017\/02\/26\/vada-svartmala-vada-gatt-sonder-vada-bagdad-bob\/\">Read more &rarr;<\/a><\/p>\n","protected":false},"author":2,"featured_media":0,"comment_status":"open","ping_status":"open","sticky":false,"template":"","format":"standard","meta":{"footnotes":""},"categories":[1],"tags":[258,247,229],"class_list":["post-11793","post","type-post","status-publish","format-standard","hentry","category-uncategorized","tag-bagdad-bob","tag-polisen","tag-rattsstaten"],"_links":{"self":[{"href":"https:\/\/www.mariaabrahamsson.nu\/index.php\/wp-json\/wp\/v2\/posts\/11793","targetHints":{"allow":["GET"]}}],"collection":[{"href":"https:\/\/www.mariaabrahamsson.nu\/index.php\/wp-json\/wp\/v2\/posts"}],"about":[{"href":"https:\/\/www.mariaabrahamsson.nu\/index.php\/wp-json\/wp\/v2\/types\/post"}],"author":[{"embeddable":true,"href":"https:\/\/www.mariaabrahamsson.nu\/index.php\/wp-json\/wp\/v2\/users\/2"}],"replies":[{"embeddable":true,"href":"https:\/\/www.mariaabrahamsson.nu\/index.php\/wp-json\/wp\/v2\/comments?post=11793"}],"version-history":[{"count":1,"href":"https:\/\/www.mariaabrahamsson.nu\/index.php\/wp-json\/wp\/v2\/posts\/11793\/revisions"}],"predecessor-version":[{"id":13577,"href":"https:\/\/www.mariaabrahamsson.nu\/index.php\/wp-json\/wp\/v2\/posts\/11793\/revisions\/13577"}],"wp:attachment":[{"href":"https:\/\/www.mariaabrahamsson.nu\/index.php\/wp-json\/wp\/v2\/media?parent=11793"}],"wp:term":[{"taxonomy":"category","embeddable":true,"href":"https:\/\/www.mariaabrahamsson.nu\/index.php\/wp-json\/wp\/v2\/categories?post=11793"},{"taxonomy":"post_tag","embeddable":true,"href":"https:\/\/www.mariaabrahamsson.nu\/index.php\/wp-json\/wp\/v2\/tags?post=11793"}],"curies":[{"name":"wp","href":"https:\/\/api.w.org\/{rel}","templated":true}]}}