{"id":11732,"date":"2016-12-10T11:35:39","date_gmt":"2016-12-10T10:35:39","guid":{"rendered":"http:\/\/www.mariaabrahamsson.nu\/?p=11732"},"modified":"2020-11-01T12:15:39","modified_gmt":"2020-11-01T11:15:39","slug":"reinfeldts-experiment-gick-i-sta-men-alliansens-politik-leder-framat","status":"publish","type":"post","link":"https:\/\/www.mariaabrahamsson.nu\/index.php\/2016\/12\/10\/reinfeldts-experiment-gick-i-sta-men-alliansens-politik-leder-framat\/","title":{"rendered":"Reinfeldts experiment gick i st\u00e5 men alliansens politik leder fram\u00e5t"},"content":{"rendered":"<p><strong>Det g\u00e5r inte att l\u00e5tsas<\/strong> som om ingenting har h\u00e4nt efter en vecka d\u00e5 Fredrik Reinfeldts statssekreterare Mikael Sandstr\u00f6m och \u00e4ven hans n\u00e4ra f\u00f6rtrogne finansminister Anders Borg via media har bek\u00e4nt (<a href=\"http:\/\/kvartal.se\/artiklar\/de-goda-foresatserna\">h\u00e4r<\/a> och <a href=\"http:\/\/www.svt.se\/nyheter\/inrikes\/anders-borg-talar-ut-om-livet-efter-politiken\">h\u00e4r<\/a>) att\u00a0alliansregeringens gener\u00f6sa\u00a0migrationspolitik var ett misslyckande. Den intellektuella hederligheten kr\u00e4ver att man s\u00e4ger n\u00e5got om saken. S\u00e5 det t\u00e4nker jag g\u00f6ra.<\/p>\n<p>N\u00e4r jag h\u00f6rde Fredrik Reinfeldt p\u00e5 Norrmalmstorg uppmana svenska folket att \u00f6ppna sina hj\u00e4rtan d\u00f6k en figur upp framf\u00f6r mina \u00f6gon: Dag Hammarskj\u00f6ld, en idealgestalt som m\u00e5nga &#8211; kanske \u00e4ven <a href=\"https:\/\/www.google.se\/search?q=hammarskj%C3%B6ld+v%C3%A4gm%C3%A4rken+citat&amp;client=safari&amp;rls=en&amp;source=lnms&amp;tbm=isch&amp;sa=X&amp;ved=0ahUKEwjsqP-WtunQAhXQKCwKHYYtBxkQ_AUICCgB&amp;biw=1199&amp;bih=839#imgrc=8ypRm-D-U7IQ_M%3A\">han sj\u00e4lv<\/a> &#8211; skulle s\u00e4ga var sin tids Jesus p\u00e5 jorden.<\/p>\n<p><strong>D\u00e4refter har jag funderat <\/strong>en\u00a0del p\u00e5 varf\u00f6r den bilden d\u00f6k upp, och p\u00e5 st\u00e4mningen d\u00e4r p\u00e5 Norrmalmstorg i augusti 2014. Kan bara tala f\u00f6r mig sj\u00e4lv, men jag gick d\u00e4rifr\u00e5n r\u00e4tt omskakad, jag skulle st\u00e5 i valstugan dagen d\u00e4rp\u00e5 och i \u00f6ronen ekade redan v\u00e4ljarnas FR\u00c5GOR. N\u00e5got svar p\u00e5 fr\u00e5gan HUR hann inte f\u00f6rmedlas till oss valarbetare. Vi stod i valstugorna och tog emot folkets uppr\u00f6rdhet och svamlade tillk\u00e4mpat \u00f6vertygande om att Sverige vill och kan, har b\u00e5de r\u00e5d och plats, alla beh\u00f6vs och &#8211; inte minst &#8211; \u00f6ppna hj\u00e4rtan \u00e4r en winwin-politik.<\/p>\n<p>Nej, jag gick inte p\u00e5\u00a0n\u00e5gon valvaka.<\/p>\n<p><strong>Drygt tv\u00e5 \u00e5r har g\u00e5tt.<\/strong> Jag ger mig inte in p\u00e5 att h\u00e4r v\u00e4rdera effekten av alliansens alla tillk\u00e4nnagivanden\u00a0f\u00f6r att\u00a0pressa regeringen L\u00f6fven, jag n\u00f6jer mig med att konstaterar att svensk borgerlighet har ett starkt ledarlag i allianskvartetten.<\/p>\n<p>Starkt av ett antal politiska sk\u00e4l och just d\u00e4rf\u00f6r s\u00f6ker fyra alliansledare v\u00e4ljarnas f\u00f6rtroende f\u00f6r att i praktisk handling oms\u00e4tta reformer som g\u00f6r att i Sverige <a href=\"http:\/\/www.di.se\/opinion\/anna-kinberg-batra-inled-varje-lasar-med-prov\/\">l\u00e4r sig skoleleverna<\/a> vad som kr\u00e4vs (h\u00f6gaktuellt aprop\u00e5 dagens Nobelfirande), m\u00e4nniskor betalar skatt inte f\u00f6r att det \u00e4r sexigt utan f\u00f6r att det \u00e4r solidariskt, vi har r\u00e5d att hj\u00e4lpa d\u00e4r det mest beh\u00f6vs, r\u00e4ttsstaten fungerar, brott beivras, brottsoffren f\u00e5r uppr\u00e4ttelse, landets gr\u00e4nser s\u00e4kras,\u00a0alla bidrar efter f\u00f6rm\u00e5ga, Sverige \u00e4r en best\u00e4md r\u00f6st i EU och i v\u00e4rlden. Den svenska modellen \u00e5teruppr\u00e4ttas. Solidarisk men m\u00e5ttfull och utan dumdristiga politiska experiment som i ett huj kan rasera decennier av m\u00f6dosamt arbete f\u00f6r v\u00e4lf\u00e4rd, r\u00e4ttsstat och f\u00f6rsvar.<\/p>\n<p><strong>Det \u00e4r v\u00e4l detta<\/strong> valet 2018 handlar om.<\/p>\n","protected":false},"excerpt":{"rendered":"<p>Det g\u00e5r inte att l\u00e5tsas som om ingenting har h\u00e4nt efter en vecka d\u00e5 Fredrik Reinfeldts statssekreterare Mikael Sandstr\u00f6m och \u00e4ven hans n\u00e4ra f\u00f6rtrogne finansminister Anders Borg via media har bek\u00e4nt (h\u00e4r och h\u00e4r) att\u00a0alliansregeringens gener\u00f6sa\u00a0migrationspolitik var ett misslyckande. Den intellektuella hederligheten kr\u00e4ver att man s\u00e4ger n\u00e5got om saken. S\u00e5 det t\u00e4nker jag g\u00f6ra. N\u00e4r&hellip;<\/p>\n<p class=\"more-link-p\"><a class=\"more-link\" href=\"https:\/\/www.mariaabrahamsson.nu\/index.php\/2016\/12\/10\/reinfeldts-experiment-gick-i-sta-men-alliansens-politik-leder-framat\/\">Read more &rarr;<\/a><\/p>\n","protected":false},"author":2,"featured_media":0,"comment_status":"open","ping_status":"open","sticky":false,"template":"","format":"standard","meta":{"footnotes":""},"categories":[1],"tags":[252],"class_list":["post-11732","post","type-post","status-publish","format-standard","hentry","category-uncategorized","tag-reinfeldt"],"_links":{"self":[{"href":"https:\/\/www.mariaabrahamsson.nu\/index.php\/wp-json\/wp\/v2\/posts\/11732","targetHints":{"allow":["GET"]}}],"collection":[{"href":"https:\/\/www.mariaabrahamsson.nu\/index.php\/wp-json\/wp\/v2\/posts"}],"about":[{"href":"https:\/\/www.mariaabrahamsson.nu\/index.php\/wp-json\/wp\/v2\/types\/post"}],"author":[{"embeddable":true,"href":"https:\/\/www.mariaabrahamsson.nu\/index.php\/wp-json\/wp\/v2\/users\/2"}],"replies":[{"embeddable":true,"href":"https:\/\/www.mariaabrahamsson.nu\/index.php\/wp-json\/wp\/v2\/comments?post=11732"}],"version-history":[{"count":1,"href":"https:\/\/www.mariaabrahamsson.nu\/index.php\/wp-json\/wp\/v2\/posts\/11732\/revisions"}],"predecessor-version":[{"id":13573,"href":"https:\/\/www.mariaabrahamsson.nu\/index.php\/wp-json\/wp\/v2\/posts\/11732\/revisions\/13573"}],"wp:attachment":[{"href":"https:\/\/www.mariaabrahamsson.nu\/index.php\/wp-json\/wp\/v2\/media?parent=11732"}],"wp:term":[{"taxonomy":"category","embeddable":true,"href":"https:\/\/www.mariaabrahamsson.nu\/index.php\/wp-json\/wp\/v2\/categories?post=11732"},{"taxonomy":"post_tag","embeddable":true,"href":"https:\/\/www.mariaabrahamsson.nu\/index.php\/wp-json\/wp\/v2\/tags?post=11732"}],"curies":[{"name":"wp","href":"https:\/\/api.w.org\/{rel}","templated":true}]}}