{"id":11725,"date":"2016-11-25T19:18:50","date_gmt":"2016-11-25T18:18:50","guid":{"rendered":"http:\/\/www.mariaabrahamsson.nu\/?p=11725"},"modified":"2020-10-30T16:08:32","modified_gmt":"2020-10-30T15:08:32","slug":"morgan-johansson-blev-nog-lite-arg","status":"publish","type":"post","link":"https:\/\/www.mariaabrahamsson.nu\/index.php\/2016\/11\/25\/morgan-johansson-blev-nog-lite-arg\/","title":{"rendered":"En tydlig konfrontation om r\u00e4ttsstaten"},"content":{"rendered":"<p><strong>Fredagen g\u00e5r mot<\/strong> sitt slut &#8211; jobbm\u00e4ssigt &#8211; och min plats i novembersolen inf\u00f6ll i f\u00f6rmiddags n\u00e4r jag m\u00f6tte justitieminister Morgan Johansson i en\u00a0<a href=\"https:\/\/www.riksdagen.se\/sv\/webb-tv\/video\/interpellation\/domstolarnas-oberoende_H410109\">interpellationsdebatt<\/a>\u00a0om domstolarnas oberoende.<\/p>\n<p>Ska jag var sj\u00e4lvkritisk r\u00f6rde jag till det i avsnittet om rekryteringen av domare till de h\u00f6gsta domstolarna. Vad jag ville ha sagt &#8211; om tungan hade lytt tanken &#8211; var att det b\u00f6r utredas om H\u00f6gsta domstolen och H\u00f6gsta f\u00f6rvaltningsdomstolen b\u00f6r ha mer att s\u00e4ga till om i rekryteringen av justitier\u00e5d till dessa h\u00f6gsta prejudikatinstanser. \u00a0(Vi moderater i KU har utvecklat resonemanget i en kommitt\u00e9motion, l\u00e4s den\u00a0<a href=\"https:\/\/data.riksdagen.se\/fil\/60D4D6B6-BF4B-4CA7-ACC8-0E9201B67897\">h\u00e4r<\/a>).<\/p>\n<p><strong>Nej, justitieministern delade inte<\/strong> den uppfattningen, heller. Johansson \u00e4r en av sitt partis skarpaste r\u00e4ttsideologer och han st\u00e5r f\u00f6r en klassisk socialdemokratisk h\u00e5llning i synen p\u00e5 domstolarnas roll kontra den politiska makten. Hans kroppsspr\u00e5k avsl\u00f6jar att mitt angrepp tr\u00e4ffade honom, och hans parti, tungt i hj\u00e4rteroten. Kort sagt, dagens domstolsdebatt blev n\u00e5got f\u00f6r v\u00e5r tid s\u00e5 ovanligt som en tydlig konfrontation om r\u00e4ttsstatens grundvalar.<\/p>\n<p>Ocks\u00e5 b\u00f6rjan av veckan pr\u00e4glades av h\u00f6gt tempo. I tisdags hade jag det riktigt sn\u00e4rjigt. Efter sedvanligt utskottssammantr\u00e4de, och n\u00e5gra timmar senare riksdagsgruppens sammantr\u00e4de, bar det i v\u00e4g till Brommamoderaterna d\u00e4r jag &#8211; s\u00e5 tacksam f\u00f6r inbjudan! &#8211; i tur och ordning redogjorde f\u00f6r KU:s arbete hela h\u00f6sten med att <a href=\"https:\/\/data.riksdagen.se\/fil\/0FFCCD5C-BB6B-46AB-9EE0-F373D7CC8DD6\">\u00e5teruppr\u00e4tta f\u00f6rtroendet<\/a>\u00a0f\u00f6r Riksrevisionen, mitt uppdrag som ledamot i partiets reformgrupp Trygghet att lita p\u00e5, och sist men inte minst &#8211; mitt redakt\u00f6rskap f\u00f6r <a href=\"https:\/\/sv.wikipedia.org\/wiki\/S\u00e4llskapet_f\u00f6r_moderata_kvinnors_historia\">Moderata Kvinnors Historias<\/a> intervjubok om moderata kvinnor som har varit statsr\u00e5d. (Plats \u00e4r redan bokad p\u00e5 Bokm\u00e4ssan 2017).<\/p>\n<p><strong>Ska jag sl\u00e5 ett slag f\u00f6r n\u00e5got<\/strong> mer innan arbetsveckan \u00f6verg\u00e5r i helg s\u00e5 \u00e4r det f\u00f6r <a href=\"http:\/\/www.jo.se\/Global\/\u00c4mbetsber\u00e4ttelser\/JOs%20\u00e4mbetsber\u00e4ttelse%202016-17.pdf\">JO:s \u00e4mbetsber\u00e4ttelse<\/a>. Skratta inte ihj\u00e4l er. F\u00f6r torsdagens \u00f6ppna &#8211; och <a href=\"http:\/\/www.riksdagen.se\/sv\/webb-tv\/video\/oppet-sammantrade\/oppet-sammantrade-i-ku-om-jos-verksamhet_H4C220161124st1\">tv-s\u00e4nda<\/a> &#8211; sammantr\u00e4de i KU d\u00e4r JO redogjorde f\u00f6r sina iakttagelser om l\u00e4get i Myndighetssverige, den ber\u00e4ttelsen t\u00e5l att begrundas av betydligt fler \u00e4n KU:s ledam\u00f6ter. (Min fr\u00e5ga cirka en timme och 30 minuter<a href=\"http:\/\/www.riksdagen.se\/sv\/webb-tv\/video\/oppet-sammantrade\/oppet-sammantrade-i-ku-om-jos-verksamhet_H4C220161124st1\"> in i filmen)<\/a>.<\/p>\n<p>Och d\u00e4rmed &#8211; <a href=\"https:\/\/www.youtube.com\/watch?v=COdTfBVj4Zk\">helg p\u00e5 oss!<\/a><\/p>\n","protected":false},"excerpt":{"rendered":"<p>Fredagen g\u00e5r mot sitt slut &#8211; jobbm\u00e4ssigt &#8211; och min plats i novembersolen inf\u00f6ll i f\u00f6rmiddags n\u00e4r jag m\u00f6tte justitieminister Morgan Johansson i en\u00a0interpellationsdebatt\u00a0om domstolarnas oberoende. Ska jag var sj\u00e4lvkritisk r\u00f6rde jag till det i avsnittet om rekryteringen av domare till de h\u00f6gsta domstolarna. Vad jag ville ha sagt &#8211; om tungan hade lytt tanken&hellip;<\/p>\n<p class=\"more-link-p\"><a class=\"more-link\" href=\"https:\/\/www.mariaabrahamsson.nu\/index.php\/2016\/11\/25\/morgan-johansson-blev-nog-lite-arg\/\">Read more &rarr;<\/a><\/p>\n","protected":false},"author":2,"featured_media":0,"comment_status":"open","ping_status":"open","sticky":false,"template":"","format":"standard","meta":{"footnotes":""},"categories":[1],"tags":[229],"class_list":["post-11725","post","type-post","status-publish","format-standard","hentry","category-uncategorized","tag-rattsstaten"],"_links":{"self":[{"href":"https:\/\/www.mariaabrahamsson.nu\/index.php\/wp-json\/wp\/v2\/posts\/11725","targetHints":{"allow":["GET"]}}],"collection":[{"href":"https:\/\/www.mariaabrahamsson.nu\/index.php\/wp-json\/wp\/v2\/posts"}],"about":[{"href":"https:\/\/www.mariaabrahamsson.nu\/index.php\/wp-json\/wp\/v2\/types\/post"}],"author":[{"embeddable":true,"href":"https:\/\/www.mariaabrahamsson.nu\/index.php\/wp-json\/wp\/v2\/users\/2"}],"replies":[{"embeddable":true,"href":"https:\/\/www.mariaabrahamsson.nu\/index.php\/wp-json\/wp\/v2\/comments?post=11725"}],"version-history":[{"count":1,"href":"https:\/\/www.mariaabrahamsson.nu\/index.php\/wp-json\/wp\/v2\/posts\/11725\/revisions"}],"predecessor-version":[{"id":13488,"href":"https:\/\/www.mariaabrahamsson.nu\/index.php\/wp-json\/wp\/v2\/posts\/11725\/revisions\/13488"}],"wp:attachment":[{"href":"https:\/\/www.mariaabrahamsson.nu\/index.php\/wp-json\/wp\/v2\/media?parent=11725"}],"wp:term":[{"taxonomy":"category","embeddable":true,"href":"https:\/\/www.mariaabrahamsson.nu\/index.php\/wp-json\/wp\/v2\/categories?post=11725"},{"taxonomy":"post_tag","embeddable":true,"href":"https:\/\/www.mariaabrahamsson.nu\/index.php\/wp-json\/wp\/v2\/tags?post=11725"}],"curies":[{"name":"wp","href":"https:\/\/api.w.org\/{rel}","templated":true}]}}