{"id":11692,"date":"2016-10-16T12:05:59","date_gmt":"2016-10-16T10:05:59","guid":{"rendered":"http:\/\/www.mariaabrahamsson.nu\/?p=11692"},"modified":"2020-11-01T12:18:19","modified_gmt":"2020-11-01T11:18:19","slug":"lofven-later-prestigen-ga-fore-barnen","status":"publish","type":"post","link":"https:\/\/www.mariaabrahamsson.nu\/index.php\/2016\/10\/16\/lofven-later-prestigen-ga-fore-barnen\/","title":{"rendered":"L\u00f6fven l\u00e5ter prestigen g\u00e5 f\u00f6re barnen?"},"content":{"rendered":"<p><strong>Politisk prestige \u00e5 <\/strong>ena sidan. Riskanalys \u00e5 den andra. Dragkampen g\u00e5r ut \u00f6ver de svagaste och mest skyddsl\u00f6sa ibland oss &#8211; v\u00e5ra minsta.\u00a0S\u00e5 ja, det \u00e4r v\u00e4rdefullt att diskussionen\u00a0f\u00f6r och emot att inf\u00f6rliva barnkonventionen med svensk lag har kommit ig\u00e5ng ordentligt de senaste veckorna (bl a\u00a0<a href=\"http:\/\/sverigesradio.se\/sida\/artikel.aspx?programid=1650&amp;artikel=6540299\">h\u00e4r<\/a>, <a href=\"http:\/\/sverigesradio.se\/sida\/artikel.aspx?programid=83&amp;artikel=6540245\">h\u00e4r<\/a>,\u00a0<a href=\"http:\/\/www.expressen.se\/ledare\/johannes-forssberg\/barnkonventionen-bor-inte-goras-till-lag\/\">h\u00e4r<\/a>,\u00a0<a href=\"http:\/\/www.svd.se\/myndigheterna-forstar-inte-barnkonventionen\">h\u00e4r<\/a>\u00a0och\u00a0<a href=\"http:\/\/www.expressen.se\/ledare\/ann-charlotte-marteus\/skot-ditt-jobb-lofven--och-sluta-missionera\/\">h\u00e4r<\/a>).<\/p>\n<p>Sj\u00e4lv \u00e4r\u00a0jag emot eftersom barn i Sverige redan har det b\u00e4ttre \u00e4n i andra l\u00e4nder. Sverige har ratificerat barnkonventionen, gott s\u00e5, men l\u00e5t det stanna vid det om det inte klart kan visas att svensk lagstiftningen \u00e4r otillr\u00e4cklig.<\/p>\n<p><strong>Statsminister L\u00f6fven<\/strong>\u00a0har p\u00e5 f\u00f6rhand i\u00a0<a href=\"http:\/\/www.regeringen.se\/contentassets\/436960c05f524109b8a020b879efd76b\/regeringsforklaringen-3-oktober-2014\">regeringsf\u00f6rklaringen <\/a>(s. 13)<a href=\"http:\/\/www.regeringen.se\/contentassets\/436960c05f524109b8a020b879efd76b\/regeringsforklaringen-3-oktober-2014\">\u00a0<\/a>tagit st\u00e4llning f\u00f6r\u00a0att g\u00f6ra barnkonventionen till svensk r\u00e4tt. Oavsett om man \u00e4r barnl\u00f6s eller f\u00f6r\u00e4lder gissar jag att man som normalt funtad samh\u00e4llsmedborgare \u00e4nd\u00e5 st\u00e4ller sig fr\u00e5gan p\u00e5 vilka s\u00e4tt barnkonventionen konkret &#8211; inte symboliskt &#8211; kommer att st\u00e4rka barns r\u00e4ttigheter i Sverige?<\/p>\n<p>Remisstiden har i dagarna g\u00e5tt ut f\u00f6r de instanser som p\u00e5 regeringens uppdrag funderat p\u00e5 saken. Barnombudsmannen, Barnens r\u00e4tt i samh\u00e4llet med fler menar att ett inf\u00f6rlivande av konventionen per automatik kommer att st\u00e4rka barns r\u00e4ttigheter. Konkreta exempel p\u00e5 hur, har de sv\u00e5rt att ge. Det tycks mer handla om att konventionen \u00e4r en slags magisk formel som l\u00f6ser dagens problem med barn som kommer i kl\u00e4m i f\u00f6rvaltning och r\u00e4ttsapparat. Sedan finns det andra remissinstanser som ser mer kyligt p\u00e5 saken och hissar varningsflagg.<\/p>\n<p><strong>L\u00e5t oss f\u00f6r en stund\u00a0<\/strong>bortse fr\u00e5n Justitieombudsmannen och Kammarr\u00e4tten i Stockholms s\u00e5gningar (<a href=\"http:\/\/www.jo.se\/Global\/Remissyttranden\/Remissyttrande%20R_29-2016.pdf\">h\u00e4r<\/a> och <a href=\"http:\/\/www.kammarrattenistockholm.domstol.se\/Domstolar\/kammarrattenistockholm\/Remissvar\/2016\/Remissvar_Bet\u00e4nkandet%20Barnkonventionen%20blir%20svensk%20lag%20SOU_2016-19.pdf\">h\u00e4r<\/a>) av Barnr\u00e4ttighetsutredningens <a href=\"http:\/\/www.regeringen.se\/rattsdokument\/statens-offentliga-utredningar\/2016\/03\/sou-201619\/\">f\u00f6rslag<\/a>. Vi blundar f\u00f6r kritiken och inf\u00f6rlivar konventionen med svensk lag, som statsministern lovade i regeringsf\u00f6rklaringen en m\u00e5nad innan tiden gick ut f\u00f6r remissinstanserna att l\u00e4mna synpunkter.<\/p>\n<p>Riksdagen g\u00e5r allts\u00e5 till beslut och barnkonventionen blir svensk lag den 1 januari 2018 i enlighet med utredningsf\u00f6rslaget. Regeringen L\u00f6fven hyllas av Barnombudsmannen som jublar.<\/p>\n<p><strong>Bara ett problem.<\/strong> Detta med barnen.<\/p>\n<div class=\"page\" title=\"Page 2\">\n<div class=\"layoutArea\">\n<div class=\"column\">\n<p>Som Kammarr\u00e4tten i Stockholm p\u00e5pekar i <a href=\"http:\/\/www.kammarrattenistockholm.domstol.se\/Domstolar\/kammarrattenistockholm\/Remissvar\/2016\/Remissvar_Bet\u00e4nkandet%20Barnkonventionen%20blir%20svensk%20lag%20SOU_2016-19.pdf\">sitt remissvar<\/a>: Att ge barnkonventionen status som nationell lag medf\u00f6r att tolkningsansvaret och intresseavv\u00e4gningar l\u00e4ggs p\u00e5 f\u00f6rvaltningsmyndigheterna och ytterst p\u00e5 domstolarna. Det inneb\u00e4r ocks\u00e5 att intresseavv\u00e4gningar som i dag i f\u00f6rsta hand bygger p\u00e5 politiska \u00f6verv\u00e4ganden flyttas \u00f6ver till de r\u00e4ttstill\u00e4mpande myndigheterna.<\/p>\n<p><strong>Vad s\u00e4ger d\u00e5 Sveriges<\/strong> riksdag och regering? \u00c4r det acceptabelt att avv\u00e4gningar om t ex bostadsbyggande och trafikplanering visavi barnens behov av lekplatser flyttas \u00f6ver fr\u00e5n de f\u00f6rtroendevalda politikerna till domare och tj\u00e4nstem\u00e4n? N\u00e4ra tusen av domarna i Sveriges domstolar \u00e4r f\u00f6r \u00f6vrigt n\u00e4mndem\u00e4n som \u00e4r nominerade av Sverigedemokraterna. Ska barnkonventionen styra ocks\u00e5 vilka som sitter i v\u00e5ra domstolar?<\/p>\n<div class=\"page\" title=\"Page 3\">\n<div class=\"layoutArea\">\n<div class=\"column\">\n<p>Artikel 12 om barnets r\u00e4tt att uttrycka sina \u00e5sikter och bli h\u00f6rd, utg\u00f6r sj\u00e4lva essensen i barnkonventionen och d\u00e4r p\u00e5pekar Kammarr\u00e4tten: Vilken betydelse barnets \u00e5sikter rent faktiskt ska ha framg\u00e5r inte vilket enligt kammarr\u00e4tten \u00e4r n\u00f6dv\u00e4ndigt f\u00f6r att artikeln ska f\u00e5 n\u00e5gon praktisk betydelse. Inte heller ges i artikeln v\u00e4gledning f\u00f6r den avv\u00e4gning mellan olika intressen som kommer att beh\u00f6va g\u00f6ras inom olika r\u00e4ttsomr\u00e5den, vilket ocks\u00e5 \u00e4r en n\u00f6dv\u00e4ndig f\u00f6ruts\u00e4ttning f\u00f6r artikelns till\u00e4mpning.<\/p>\n<\/div>\n<\/div>\n<\/div>\n<\/div>\n<\/div>\n<\/div>\n<p><strong>Vi forts\u00e4tter scenariot<\/strong> att barnkonventionen har blivit svensk lag 2018. Valet 2022 n\u00e4rmar sig och i Sverige har barnperspektivet snarare grumlats \u00e4n st\u00e4rkts. F\u00f6r som JO p\u00e5pekade i <a href=\"http:\/\/www.jo.se\/Global\/Remissyttranden\/Remissyttrande%20R_29-2016.pdf\">sitt remissvar<\/a> i oktober 2016:<\/p>\n<p>&#8221;Argumenten f\u00f6r att g\u00f6ra barnkonventionen till direkt g\u00e4llande lag framst\u00e5r dels vara av symbolisk karakt\u00e4r, vilket i sig kan tyckas vara harml\u00f6st, men det \u00e4r samtidigt uppenbart att en s\u00e5dan lagteknisk l\u00f6sning som f\u00f6resl\u00e5s \u00e4r beh\u00e4ftad med betydande risker f\u00f6r ogenomt\u00e4nkta konsekvenser och sv\u00e5righeter f\u00f6r medborgare och myndigheter att veta vad som faktiskt g\u00e4ller och vilka r\u00e4ttigheter man har. Jag (JO, <em>min anm<\/em>) ser allts\u00e5, betydande nackdelar med en s\u00e5dan lagteknisk l\u00f6sning. I den m\u00e5n det finns behov av ytterligare best\u00e4mmelser om att barnets b\u00e4sta ska beaktas och om att ett barn ska f\u00e5 komma till tals talar mycket starka sk\u00e4l f\u00f6r att detta i st\u00e4llet b\u00f6r ske genom \u00e4ndringar i lagstiftningen p\u00e5 de aktuella omr\u00e5dena.&#8221;<\/p>\n<p><strong>Och nu infinner sig fr\u00e5gan:<\/strong> Om det visar sig att barnkonventionen inte har st\u00e4rkt barnens st\u00e4llning utan i st\u00e4llet skapat kaos i r\u00e4ttstill\u00e4mpning, kommer d\u00e5 Sveriges riksdag och regering att befria v\u00e5ra minsta fr\u00e5n konventionen och \u00e5terg\u00e5 till den ordning om barns b\u00e4sta som g\u00e4llde f\u00f6re 2018? Kommer i det l\u00e4get barnens b\u00e4sta att g\u00e5 f\u00f6re politisk prestige? Jag tvivlar.<\/p>\n","protected":false},"excerpt":{"rendered":"<p>Politisk prestige \u00e5 ena sidan. Riskanalys \u00e5 den andra. Dragkampen g\u00e5r ut \u00f6ver de svagaste och mest skyddsl\u00f6sa ibland oss &#8211; v\u00e5ra minsta.\u00a0S\u00e5 ja, det \u00e4r v\u00e4rdefullt att diskussionen\u00a0f\u00f6r och emot att inf\u00f6rliva barnkonventionen med svensk lag har kommit ig\u00e5ng ordentligt de senaste veckorna (bl a\u00a0h\u00e4r, h\u00e4r,\u00a0h\u00e4r,\u00a0h\u00e4r\u00a0och\u00a0h\u00e4r). Sj\u00e4lv \u00e4r\u00a0jag emot eftersom barn i Sverige redan&hellip;<\/p>\n<p class=\"more-link-p\"><a class=\"more-link\" href=\"https:\/\/www.mariaabrahamsson.nu\/index.php\/2016\/10\/16\/lofven-later-prestigen-ga-fore-barnen\/\">Read more &rarr;<\/a><\/p>\n","protected":false},"author":2,"featured_media":0,"comment_status":"open","ping_status":"open","sticky":false,"template":"","format":"standard","meta":{"footnotes":""},"categories":[1],"tags":[228],"class_list":["post-11692","post","type-post","status-publish","format-standard","hentry","category-uncategorized","tag-lofven"],"_links":{"self":[{"href":"https:\/\/www.mariaabrahamsson.nu\/index.php\/wp-json\/wp\/v2\/posts\/11692","targetHints":{"allow":["GET"]}}],"collection":[{"href":"https:\/\/www.mariaabrahamsson.nu\/index.php\/wp-json\/wp\/v2\/posts"}],"about":[{"href":"https:\/\/www.mariaabrahamsson.nu\/index.php\/wp-json\/wp\/v2\/types\/post"}],"author":[{"embeddable":true,"href":"https:\/\/www.mariaabrahamsson.nu\/index.php\/wp-json\/wp\/v2\/users\/2"}],"replies":[{"embeddable":true,"href":"https:\/\/www.mariaabrahamsson.nu\/index.php\/wp-json\/wp\/v2\/comments?post=11692"}],"version-history":[{"count":1,"href":"https:\/\/www.mariaabrahamsson.nu\/index.php\/wp-json\/wp\/v2\/posts\/11692\/revisions"}],"predecessor-version":[{"id":13575,"href":"https:\/\/www.mariaabrahamsson.nu\/index.php\/wp-json\/wp\/v2\/posts\/11692\/revisions\/13575"}],"wp:attachment":[{"href":"https:\/\/www.mariaabrahamsson.nu\/index.php\/wp-json\/wp\/v2\/media?parent=11692"}],"wp:term":[{"taxonomy":"category","embeddable":true,"href":"https:\/\/www.mariaabrahamsson.nu\/index.php\/wp-json\/wp\/v2\/categories?post=11692"},{"taxonomy":"post_tag","embeddable":true,"href":"https:\/\/www.mariaabrahamsson.nu\/index.php\/wp-json\/wp\/v2\/tags?post=11692"}],"curies":[{"name":"wp","href":"https:\/\/api.w.org\/{rel}","templated":true}]}}