{"id":11665,"date":"2016-09-16T12:29:24","date_gmt":"2016-09-16T10:29:24","guid":{"rendered":"http:\/\/www.mariaabrahamsson.nu\/?p=11665"},"modified":"2018-10-19T20:23:11","modified_gmt":"2018-10-19T18:23:11","slug":"bloggkoman-ar-havd","status":"publish","type":"post","link":"https:\/\/www.mariaabrahamsson.nu\/index.php\/2016\/09\/16\/bloggkoman-ar-havd\/","title":{"rendered":"Bloggkoman \u00e4r h\u00e4vd"},"content":{"rendered":"<p><strong>I g\u00e5r skrev jag in mig<\/strong> i den politiska historien genom att som ledamot av den parlamentariskt sammansatta Mediegrundlagskommitt\u00e9n \u00f6verl\u00e4mna bet\u00e4nkandet\u00a0<a href=\"http:\/\/www.regeringen.se\/rattsdokument\/statens-offentliga-utredningar\/2016\/09\/sou-201658\/\">\u00c4ndrade mediegrundlagar <\/a>till justitieminister Morgan Johansson. Kommer h\u00e4danefter att titulera mig grundlagsmoder.<\/p>\n<p>En av kommitt\u00e9ns angel\u00e4gna uppgifter har varit att l\u00f6sa el\u00e4ndet med att mindre seri\u00f6sa typer k\u00f6per sig grundlagsskydd f\u00f6r 2 000 sp\u00e4nn (<a href=\"http:\/\/www.radioochtv.se\/sv\/att-sanda\/internetpublicering\/utgivningsbevis\/\">utgivningsbevis<\/a>) och sedan\u00a0fyller en\u00a0databas med integritetskr\u00e4nkande personuppgifter (t ex sjukdom, sexuell l\u00e4ggning eller om man har figurerat i brottm\u00e5l) som g\u00f6rs enkelt s\u00f6kbara f\u00f6r kreti och pleti gratis eller f\u00f6r en billig penning. Nu f\u00f6resl\u00e5r kommitt\u00e9n att det g\u00f6rs <a href=\"http:\/\/www.nyteknik.se\/digitalisering\/utredning-slar-hart-mot-lexbase-6786241\">undantag fr\u00e5n grundlagsskyddet<\/a> f\u00f6r dessa s\u00f6ktj\u00e4nster (l\u00e4s Lexbase, Kriminellt och liknande).<\/p>\n<p><strong>Tillsammans med<\/strong> <a href=\"https:\/\/www.riksdagen.se\/sv\/ledamoter-partier\/ledamot\/bjorn-von-sydow_d7c32305-83e4-11d4-ae60-0050040c9b55\">Bj\u00f6rn von Sydow<\/a> har jag ocks\u00e5 ett parti\u00f6verskridande s\u00e4rskilt yttrande, jag \u00e5terkommer till det i s\u00e4rskild ordning. Men kort kan s\u00e4gas att vi tycker att text p\u00e5 f\u00f6rpackningar (tobakspaket) inte ska vara grundlagsskyddad i TF utan regleras i vanlig lag (v\u00e5rt yttrande kan l\u00e4sas <a href=\"http:\/\/www.regeringen.se\/contentassets\/1433c905d7754b5f8c7858df9f13f6b7\/andrade-mediegrundlagar---del-2-av-2---sou-2015-58.pdf\">h\u00e4r<\/a>, sid 773 ff).<\/p>\n<p>I veckan\u00a0sammantr\u00e4dde KU. Inget m\u00e4rkv\u00e4rdigt med det om det inte vore f\u00f6r riksrevisor Margareta \u00c5bergs besked att ocks\u00e5 hon avg\u00e5r. Som utskottsordf\u00f6randen Andreas Norl\u00e9n var noga med att understryka vid <a href=\"http:\/\/riksdagen.se\/sv\/webb-tv\/video\/presskonferens\/presstraff-med-ku-om-riksrevisionen_H4C220160915pk1\">presstr\u00e4ffen<\/a> &#8211; det var \u00c5bergs beslut. F\u00f6r KU \u00e5terst\u00e5r nu ett grannlaga arbete med att se \u00f6ver regler och rutiner, \u00e5terskapa f\u00f6rtroendet f\u00f6r myndigheten och inte minst rekrytera nya riksrevisorer.<\/p>\n<p><strong>Tisdagen gick i h\u00f6gtidens<\/strong> tecken. Upprop i kammaren av oss ledam\u00f6ter. D\u00e4refter traditionsenligt gudstj\u00e4nst i Storkyrkan tillsammans med kungahusets medlemmar. Dock ingen predikan, i st\u00e4llet h\u00f6gtidstal av <a href=\"https:\/\/sv.wikipedia.org\/wiki\/Gertrud_\u00c5str\u00f6m\">Gertrud \u00c5str\u00f6m<\/a>, presenterad som j\u00e4mst\u00e4lldhetsexpert. \u00c5str\u00f6m \u00e4r en urstark frontfigur f\u00f6r kvinnolobbyn med uttalad v\u00e4nsterprofil. S\u00e5 visst solkades gudstj\u00e4nsten n\u00e4r hon i sitt tal till kungligheterna, Sveriges h\u00f6gsta \u00e4mbetsm\u00e4n och riksdagens ledam\u00f6ter med anh\u00f6riga skickar en bredsida mot ofrivilligt barnl\u00f6sa par som genom surrogatarrangemang f\u00e5tt m\u00f6jlighet att bilda en efterl\u00e4ngtad familj. (\u00c5str\u00f6ms tal kan l\u00e4sas <a href=\"http:\/\/binck.se\/\">h\u00e4r<\/a>).<\/p>\n<p>(Jag har sedan l\u00e4nge l\u00e4mnat Svenska Kyrkan, annars hade \u00c5str\u00f6ms skaml\u00f6sa p\u00e5hopp i sj\u00e4lva Storkyrkan varit ett bra tillf\u00e4lle f\u00f6r att markera min avsky).<\/p>\n<p><strong>S\u00e5 var det L\u00f6fvens substansl\u00f6sa\u00a0<\/strong><a href=\"http:\/\/www.regeringen.se\/tal\/2016\/09\/regeringsforklaringen-den-15-september-2015\/\">regeringsf\u00f6rklaring<strong>\u00a0<\/strong><\/a>som kammarens ledam\u00f6ter g\u00e4spade sig igenom. Jaja, kanske inte regeringsunderlagets ledam\u00f6ter. F\u00f6ljt av betydligt festligare samvaro under talmannens stora mingelparty och kv\u00e4llens musikupplevelse p\u00e5 Konserthuset.<\/p>\n<p>Och nu \u00e4r det \u00a0fredag den 16 september n\u00e5dens \u00e5r 2016 och min bloggkoma \u00e4r h\u00e4vd. H\u00f6rs!<\/p>\n","protected":false},"excerpt":{"rendered":"<p>I g\u00e5r skrev jag in mig i den politiska historien genom att som ledamot av den parlamentariskt sammansatta Mediegrundlagskommitt\u00e9n \u00f6verl\u00e4mna bet\u00e4nkandet\u00a0\u00c4ndrade mediegrundlagar till justitieminister Morgan Johansson. Kommer h\u00e4danefter att titulera mig grundlagsmoder. En av kommitt\u00e9ns angel\u00e4gna uppgifter har varit att l\u00f6sa el\u00e4ndet med att mindre seri\u00f6sa typer k\u00f6per sig grundlagsskydd f\u00f6r 2 000 sp\u00e4nn (utgivningsbevis)&hellip;<\/p>\n<p class=\"more-link-p\"><a class=\"more-link\" href=\"https:\/\/www.mariaabrahamsson.nu\/index.php\/2016\/09\/16\/bloggkoman-ar-havd\/\">Read more &rarr;<\/a><\/p>\n","protected":false},"author":2,"featured_media":0,"comment_status":"open","ping_status":"open","sticky":false,"template":"","format":"standard","meta":{"footnotes":""},"categories":[1],"tags":[],"class_list":["post-11665","post","type-post","status-publish","format-standard","hentry","category-uncategorized"],"_links":{"self":[{"href":"https:\/\/www.mariaabrahamsson.nu\/index.php\/wp-json\/wp\/v2\/posts\/11665","targetHints":{"allow":["GET"]}}],"collection":[{"href":"https:\/\/www.mariaabrahamsson.nu\/index.php\/wp-json\/wp\/v2\/posts"}],"about":[{"href":"https:\/\/www.mariaabrahamsson.nu\/index.php\/wp-json\/wp\/v2\/types\/post"}],"author":[{"embeddable":true,"href":"https:\/\/www.mariaabrahamsson.nu\/index.php\/wp-json\/wp\/v2\/users\/2"}],"replies":[{"embeddable":true,"href":"https:\/\/www.mariaabrahamsson.nu\/index.php\/wp-json\/wp\/v2\/comments?post=11665"}],"version-history":[{"count":0,"href":"https:\/\/www.mariaabrahamsson.nu\/index.php\/wp-json\/wp\/v2\/posts\/11665\/revisions"}],"wp:attachment":[{"href":"https:\/\/www.mariaabrahamsson.nu\/index.php\/wp-json\/wp\/v2\/media?parent=11665"}],"wp:term":[{"taxonomy":"category","embeddable":true,"href":"https:\/\/www.mariaabrahamsson.nu\/index.php\/wp-json\/wp\/v2\/categories?post=11665"},{"taxonomy":"post_tag","embeddable":true,"href":"https:\/\/www.mariaabrahamsson.nu\/index.php\/wp-json\/wp\/v2\/tags?post=11665"}],"curies":[{"name":"wp","href":"https:\/\/api.w.org\/{rel}","templated":true}]}}