{"id":1165,"date":"2010-01-29T15:13:54","date_gmt":"2010-01-29T15:13:54","guid":{"rendered":"http:\/\/www.mariaabrahamsson.nu\/?p=1165"},"modified":"2010-01-29T15:13:56","modified_gmt":"2010-01-29T15:13:56","slug":"obs-nu-varken-konsmaktsordning-eller-kvotering","status":"publish","type":"post","link":"https:\/\/www.mariaabrahamsson.nu\/index.php\/2010\/01\/29\/obs-nu-varken-konsmaktsordning-eller-kvotering\/","title":{"rendered":"Obs! Nu varken k\u00f6nsmaktsordning eller kvotering"},"content":{"rendered":"<p><strong>Intressant att<\/strong> varken v\u00e4nsterretoriken om\u00a0<a href=\"http:\/\/sv.wikipedia.org\/wiki\/K\u00f6nsmaktsordning\">k\u00f6nsmaktsordning<\/a> eller <a href=\"http:\/\/www.svd.se\/nyheter\/politik\/m-hamtar-stod-hos-feminismen_4143775.svd\">kvinnokvotering<\/a> upprepas i Per Schlingmanns och Hillevi Engstr\u00f6ms <a href=\"http:\/\/www.svd.se\/opinion\/brannpunkt\/jamstalldhet-ar-en-fraga-om-frihet_4169051.svd\">j\u00e4mst\u00e4lldhetsf\u00f6rklaring<\/a>.<\/p>\n<p>Visserligen kan man av deras inl\u00e4gg l\u00e4tt f\u00e5 intrycket att Moderaterna tidigare har varit <em>f\u00f6r<\/em>, rent av hejat p\u00e5, osakliga l\u00f6neskillnader mellan k\u00f6nen och andra otrevligheter. Riktigt s\u00e5 illa har det v\u00e4l \u00e4nd\u00e5 inte varit, \u00e4r min reflektion.<\/p>\n<p>Men givetvis \u00e4r det alla tiders att partiet i dag \u00e4r s\u00e5 glasklart tydlig med att jobblinjen g\u00e4ller f\u00f6r alla, att kvinnor precis som m\u00e4n har allt att vinna, inte minst l\u00f6nem\u00e4ssigt,\u00a0p\u00e5 att ha fler arbetsgivare att v\u00e4lja mellan. Liksom att osakliga l\u00f6neskillnader inte h\u00f6r hemma i ett j\u00e4mst\u00e4llt samh\u00e4lle. Bland annat den kvinnosaken avhandlar jag\u00a0<a href=\"http:\/\/www.aftonbladet.se\/debatt\/debattamnen\/politik\/article6266967.ab\">h\u00e4r<\/a>.<\/p>\n","protected":false},"excerpt":{"rendered":"<p>Intressant att varken v\u00e4nsterretoriken om\u00a0k\u00f6nsmaktsordning eller kvinnokvotering upprepas i Per Schlingmanns och Hillevi Engstr\u00f6ms j\u00e4mst\u00e4lldhetsf\u00f6rklaring. Visserligen kan man av deras inl\u00e4gg l\u00e4tt f\u00e5 intrycket att Moderaterna tidigare har varit f\u00f6r, rent av hejat p\u00e5, osakliga l\u00f6neskillnader mellan k\u00f6nen och andra otrevligheter. Riktigt s\u00e5 illa har det v\u00e4l \u00e4nd\u00e5 inte varit, \u00e4r min reflektion. Men givetvis&hellip;<\/p>\n<p class=\"more-link-p\"><a class=\"more-link\" href=\"https:\/\/www.mariaabrahamsson.nu\/index.php\/2010\/01\/29\/obs-nu-varken-konsmaktsordning-eller-kvotering\/\">Read more &rarr;<\/a><\/p>\n","protected":false},"author":2,"featured_media":0,"comment_status":"open","ping_status":"open","sticky":false,"template":"","format":"standard","meta":{"footnotes":""},"categories":[1],"tags":[],"class_list":["post-1165","post","type-post","status-publish","format-standard","hentry","category-uncategorized"],"_links":{"self":[{"href":"https:\/\/www.mariaabrahamsson.nu\/index.php\/wp-json\/wp\/v2\/posts\/1165","targetHints":{"allow":["GET"]}}],"collection":[{"href":"https:\/\/www.mariaabrahamsson.nu\/index.php\/wp-json\/wp\/v2\/posts"}],"about":[{"href":"https:\/\/www.mariaabrahamsson.nu\/index.php\/wp-json\/wp\/v2\/types\/post"}],"author":[{"embeddable":true,"href":"https:\/\/www.mariaabrahamsson.nu\/index.php\/wp-json\/wp\/v2\/users\/2"}],"replies":[{"embeddable":true,"href":"https:\/\/www.mariaabrahamsson.nu\/index.php\/wp-json\/wp\/v2\/comments?post=1165"}],"version-history":[{"count":0,"href":"https:\/\/www.mariaabrahamsson.nu\/index.php\/wp-json\/wp\/v2\/posts\/1165\/revisions"}],"wp:attachment":[{"href":"https:\/\/www.mariaabrahamsson.nu\/index.php\/wp-json\/wp\/v2\/media?parent=1165"}],"wp:term":[{"taxonomy":"category","embeddable":true,"href":"https:\/\/www.mariaabrahamsson.nu\/index.php\/wp-json\/wp\/v2\/categories?post=1165"},{"taxonomy":"post_tag","embeddable":true,"href":"https:\/\/www.mariaabrahamsson.nu\/index.php\/wp-json\/wp\/v2\/tags?post=1165"}],"curies":[{"name":"wp","href":"https:\/\/api.w.org\/{rel}","templated":true}]}}