{"id":1161,"date":"2010-01-28T22:01:44","date_gmt":"2010-01-28T22:01:44","guid":{"rendered":"http:\/\/www.mariaabrahamsson.nu\/?p=1161"},"modified":"2010-02-07T19:14:27","modified_gmt":"2010-02-07T19:14:27","slug":"rikspolischefen-har-hort-av-sig","status":"publish","type":"post","link":"https:\/\/www.mariaabrahamsson.nu\/index.php\/2010\/01\/28\/rikspolischefen-har-hort-av-sig\/","title":{"rendered":"Rikspolischefen har h\u00f6rt av sig"},"content":{"rendered":"<p><strong>Rikspolischef Bengt Svenson <\/strong>har inkommet med en protest med anledning av mitt inl\u00e4gg <a href=\"http:\/\/www.mariaabrahamsson.nu\/index.php\/2010\/01\/27\/rikspolischefen-ar-stressad\/\">i g\u00e5r<\/a>. Svenson v\u00e4rjer sig mot att han skulle ha dragit f\u00f6r snabba slutsatser om den v\u00e5ldt\u00e4ktsanklagade f\u00f6re detta polischefens skuld. I dag har mannen f\u00f6rvisso blivit h\u00e4ktad, men som sagt \u00e5tal \u00e4r inte v\u00e4ckt och r\u00e4tteg\u00e5ng har inte inletts, \u00e4n mindre har dom fallit.<\/p>\n<p><strong>Bengt Svenson<\/strong> skriver till mig:<\/p>\n<p>&#8221;I alla intervjuer jag gett i denna fr\u00e5ga har jag sj\u00e4lvklart noga understrukit att polismannen endast \u00e4r misst\u00e4nkt. Mina kommentarer har handlat om hur allvarligt det vore om det skulle visa sig att misstankarna mot polismannen \u00e4r befogade.<\/p>\n<p>Bengt Svenson<br \/>\nRikspolischef&#8221;<\/p>\n<p><strong>Okej Svenson<\/strong>, men det var inte riktigt s\u00e5 du uttryckte dig i g\u00e5rdagens Rapport (<a href=\"http:\/\/svtplay.se\/v\/1864536\/rapport\/27_1_19_30?cb,a1366518,1,f,-1\/pb,a1366516,1,f,-1\/pl,v,,1866258\/sb,p103263,1,f,-1\">8.05 in i inslaget)<\/a>. D\u00e4r s\u00e4ger du att &#8221;det h\u00e4r \u00e4r en brottslighet som bedrivs i skymundan, ingen visste om det,\u00a0men det visar ocks\u00e5 att polisen har f\u00f6rm\u00e5ga att avsl\u00f6ja brottslighet som beg\u00e5s av h\u00f6ga polischefer&#8221;.<\/p>\n<p>Brottslighet som beg\u00e5s av h\u00f6ga chefer? Utrymme f\u00f6r tvivel i skuldfr\u00e5gan? Inte hos rikspolischefen.<\/p>\n<p>&#8211;<\/p>\n","protected":false},"excerpt":{"rendered":"<p>Rikspolischef Bengt Svenson har inkommet med en protest med anledning av mitt inl\u00e4gg i g\u00e5r. Svenson v\u00e4rjer sig mot att han skulle ha dragit f\u00f6r snabba slutsatser om den v\u00e5ldt\u00e4ktsanklagade f\u00f6re detta polischefens skuld. I dag har mannen f\u00f6rvisso blivit h\u00e4ktad, men som sagt \u00e5tal \u00e4r inte v\u00e4ckt och r\u00e4tteg\u00e5ng har inte inletts, \u00e4n mindre&hellip;<\/p>\n<p class=\"more-link-p\"><a class=\"more-link\" href=\"https:\/\/www.mariaabrahamsson.nu\/index.php\/2010\/01\/28\/rikspolischefen-har-hort-av-sig\/\">Read more &rarr;<\/a><\/p>\n","protected":false},"author":2,"featured_media":0,"comment_status":"open","ping_status":"open","sticky":false,"template":"","format":"standard","meta":{"footnotes":""},"categories":[1],"tags":[],"class_list":["post-1161","post","type-post","status-publish","format-standard","hentry","category-uncategorized"],"_links":{"self":[{"href":"https:\/\/www.mariaabrahamsson.nu\/index.php\/wp-json\/wp\/v2\/posts\/1161","targetHints":{"allow":["GET"]}}],"collection":[{"href":"https:\/\/www.mariaabrahamsson.nu\/index.php\/wp-json\/wp\/v2\/posts"}],"about":[{"href":"https:\/\/www.mariaabrahamsson.nu\/index.php\/wp-json\/wp\/v2\/types\/post"}],"author":[{"embeddable":true,"href":"https:\/\/www.mariaabrahamsson.nu\/index.php\/wp-json\/wp\/v2\/users\/2"}],"replies":[{"embeddable":true,"href":"https:\/\/www.mariaabrahamsson.nu\/index.php\/wp-json\/wp\/v2\/comments?post=1161"}],"version-history":[{"count":0,"href":"https:\/\/www.mariaabrahamsson.nu\/index.php\/wp-json\/wp\/v2\/posts\/1161\/revisions"}],"wp:attachment":[{"href":"https:\/\/www.mariaabrahamsson.nu\/index.php\/wp-json\/wp\/v2\/media?parent=1161"}],"wp:term":[{"taxonomy":"category","embeddable":true,"href":"https:\/\/www.mariaabrahamsson.nu\/index.php\/wp-json\/wp\/v2\/categories?post=1161"},{"taxonomy":"post_tag","embeddable":true,"href":"https:\/\/www.mariaabrahamsson.nu\/index.php\/wp-json\/wp\/v2\/tags?post=1161"}],"curies":[{"name":"wp","href":"https:\/\/api.w.org\/{rel}","templated":true}]}}