{"id":11585,"date":"2016-04-11T09:53:15","date_gmt":"2016-04-11T07:53:15","guid":{"rendered":"http:\/\/www.mariaabrahamsson.nu\/?p=11585"},"modified":"2016-04-11T09:53:20","modified_gmt":"2016-04-11T07:53:20","slug":"summering-gravsverige-har-aldrig-matt-battre","status":"publish","type":"post","link":"https:\/\/www.mariaabrahamsson.nu\/index.php\/2016\/04\/11\/summering-gravsverige-har-aldrig-matt-battre\/","title":{"rendered":"Summering: Gr\u00e4vsverige har aldrig m\u00e5tt b\u00e4ttre"},"content":{"rendered":"<p><strong>Hur m\u00e5r <\/strong><a href=\"http:\/\/www.riksdagen.se\/sv\/Sa-funkar-riksdagen\/Forvaltningen\/Allmanna-handlingar-och-arkiv\/Vad-ar-allmanna-handlingar\/\">offentlighetsprincipen<\/a>? S\u00e5 l\u00f6d fr\u00e5gan\u00a0p\u00e5 ett seminarium hos\u00a0<a href=\"http:\/\/www.meg.se\/program2016\">Meg16\u00a0<\/a>som jag deltog i h\u00e4romdagen tillsammans med bl a\u00a0offentlighetsn\u00f6rden <a href=\"https:\/\/grav2016goteborg.sched.org\/speaker\/nilsfuncke\">Nils Funcke<\/a>.<\/p>\n<p>Mitt besked \u00e4r det h\u00e4r: Det finns en tung tradition inom svensk f\u00f6rvaltning att respektera offentlighetsprincipen. Myndigheter vill som regel vara lojala med lagstiftningen och vill inte bli kn\u00e4ppta p\u00e5 n\u00e4san av JO\/JK, \u00e4n mindre bli uth\u00e4ngda i medier f\u00f6r att m\u00f6rka dokument eller jaga interna l\u00e4ckor i strid med grundlagens <a href=\"https:\/\/www.sjf.se\/yrkesfragor\/yttrande-tryckfrihet\/efterforskningsforbud\">efterforskningsf\u00f6rbud<\/a>. Men en negativ och ofta f\u00f6rbisedd konsekvens av v\u00e5r l\u00e5ngtg\u00e5ende offentlighetsprincip \u00e4r att myndigheterna inte dokumenterar sin verksamhet lika noga som man skulle ha gjort om m\u00f6jligheten att hemligst\u00e4mpla hade varit st\u00f6rre. Lika fullt &#8211; offentlighetsprincipen m\u00e5r p\u00e5 det hela taget v\u00e4l, och d\u00e4r fick jag medh\u00e5ll av Funcke!<\/p>\n<p><strong>\u00c5terb\u00f6rdad fr\u00e5n\u00a0<\/strong><a href=\"http:\/\/www.fgj.se\">Gr\u00e4vsveriges mediedagar<\/a> konstaterar jag att den svenska gr\u00e4vjournalistiken nog aldrig har m\u00e5tt s\u00e5 bra som den g\u00f6r i dag. G\u00e5ng p\u00e5 g\u00e5ng serveras vi avsl\u00f6janden om missf\u00f6rh\u00e5llanden, oegentligheter och brott \u00e4ven i f\u00f6retag f\u00f6r vilka ingen offentlighetsprincip g\u00e4ller. Jag t\u00e4nker t ex p\u00e5 <a href=\"http:\/\/www.di.se\/artiklar\/2015\/11\/19\/sca-avslojande-fick-stora-journalistpriset\/\">SCA<\/a>, <a href=\"http:\/\/www.svd.se\/prisade-for-telia-avslojande\">Telia<\/a>\u00a0och\u00a0<a href=\"http:\/\/www.di.se\/artiklar\/2015\/11\/26\/swedbank-backar-efter-dis-avslojande\/\">Swedbank<\/a>. F\u00f6r att inte tala om den v\u00e4rldsomsp\u00e4nnande <a href=\"http:\/\/panamadokumenten.story.aftonbladet.se\/#2\">Panamal\u00e4ckan<\/a> som avsl\u00f6jar hur skattemiljarder har g\u00f6mts undan f\u00f6r omv\u00e4rlden. Skattesmitarskandalen som vi \u00e4nnu inte har sett slutet p\u00e5 har redan skrivit in sig i gr\u00e4vjournalistikens historia. Imponerande och sv\u00e5rslaget p\u00e5 alla s\u00e4tt och vis (\u00e4ven om v\u00e5ra egna medier gott kunde upplysa mer tydligt om att vi inte l\u00e4ngre har n\u00e5gon f\u00f6rm\u00f6genhetsskatt i Sverige, s\u00e5 det \u00e4r inte just d\u00e4r som skon kl\u00e4mmer).<\/p>\n<p>Dock var jag konfunderad \u00f6ver rubriks\u00e4ttning p\u00e5 fredagens\u00a0<a href=\"http:\/\/www.meg.se\/program2016\">gr\u00e4vseminarium<\/a>: &#8221;Vem tar ansvar f\u00f6r den unders\u00f6kande journalistiken&#8221;?<\/p>\n<p><strong>Det ansvaret vill<\/strong> journalisterna helst axla sj\u00e4lva, gissar jag. F\u00f6r inte vill v\u00e4l Sveriges gr\u00e4vjournalister att vi politiker, lagstiftare och ytterst Sveriges riksdag tar ens en gnutta ansvar f\u00f6r deras unders\u00f6kande gr\u00e4vjobb? Det \u00e4r min helt egen analys men jag litar p\u00e5 den och den s\u00e4ger mig att det journalistiska Gr\u00e4vsverige inte vill ha med oss politiker att g\u00f6ra p\u00e5 annat s\u00e4tt \u00e4n som en f\u00f6rhoppning om att avsl\u00f6ja oss med brallorna nere, om uttrycket till\u00e5ts. I en demokrati och r\u00e4ttsstat som Sverige \u00e4r det en lovlig ambition, absolut! Men som politiker fr\u00e5gar jag mig varf\u00f6r jag st\u00e4llde upp p\u00e5 den formen av g\u00e4ngstryk som f\u00f6rra veckans Mediedagar bj\u00f6d p\u00e5?<\/p>\n<p>Om n\u00e5gon fortfarande orkar h\u00e4nga kvar vill jag testa vad ni st\u00e5r betr\u00e4ffande en annan av Gr\u00e4vsveriges anklagelser. N\u00e4mligen att vi lagstiftare g\u00f6r allt vad vi kan f\u00f6r att nya lagar och st\u00e4ndiga sekretess\u00e4ndringar ska f\u00f6rsv\u00e5ra f\u00f6r journalisters gr\u00e4vande.<\/p>\n<p><strong>Den anklagelsen bygger<\/strong> i b\u00e4sta fall p\u00e5 missf\u00f6rst\u00e5nd, men mer troligt \u00e4r avsikten att misst\u00e4nkligg\u00f6ra. F\u00f6r s\u00e4ger man, som Gr\u00e4vsverige g\u00f6r, att det p\u00e5 ett \u00e5r gjordes XX antal sekretess\u00e4ndringar (antalet varierar \u00e5r fr\u00e5n \u00e5r) s\u00e5 insinuerar man att offentlighetsintresset har f\u00e5tt stryka p\u00e5 foten lika m\u00e5nga g\u00e5nger. Men antalet sekretess\u00e4ndringar \u00e4r inte n\u00e5got bra m\u00e5tt p\u00e5 hur det \u00e4r st\u00e4llt med offentligheten, \u00e4n mindre en fingervisning om \u00e5t vilket h\u00e5ll \u00f6ppenheten g\u00e5r. Tv\u00e4rtom, i takt med att myndigheter f\u00e5r nya uppgifter, att verksamheter tillkommer och l\u00e4ggs ner och att den tekniska utvecklingen m\u00f6jligg\u00f6r nya varianter av integritetsintr\u00e5ng, m\u00e5ste sekretesslagstiftningen anpassas till dessa nya f\u00f6rh\u00e5llanden.<\/p>\n<p>Den <a href=\"http:\/\/www.gp.se\/nyheter\/debatt\/\u00f6kad-sekretess-hotar-granskande-journalistik-1.184894\">senaste av anklagelser<\/a>\u00a0\u00e4r att regeringen vill s\u00e4tta k\u00e4ppar i hjulet f\u00f6r gr\u00e4vande journalister genom att sekretessbel\u00e4gga offentliganst\u00e4lldas personnummer. Det vill s\u00e4ga uppgifter som inte har n\u00e5got annat syfte \u00e4n att s\u00e4kerst\u00e4lla den administrativa hanteringen av personalens l\u00f6ner och liknande, men som v\u00e4rst av allt ocks\u00e5 kan anv\u00e4ndas till att f\u00f6rf\u00f6lja och hota de anst\u00e4llda och deras familjer. (Departementspromemorian kan l\u00e4sas\u00a0<a href=\"http:\/\/www.regeringen.se\/remisser\/2016\/02\/remiss-ds-20162-nagra-fragor-om-offentlighet-och-sekretess\/\">h\u00e4r<\/a>).<\/p>\n<p><strong>Ser man gr\u00e4vjournalistiken i ett l\u00e4ngre<\/strong> perspektiv framst\u00e5r det som ganska tydligt att det var betydligt sv\u00e5rare att gr\u00e4va f\u00f6rr, och mer riskabelt. En av de st\u00f6rsta svenska journalistbragderna i grenen i modern tid &#8211; <a href=\"http:\/\/www.expressen.se\/nyheter\/expressen-avslojar\/sa-blev-jan-guillou-domd-ib-affaren\/\">IB-aff\u00e4ren<\/a> &#8211; kostade Jan Guillou och Peter Bratt f\u00e4ngelsestraff. Avsl\u00f6jandet om <a href=\"https:\/\/sv.wikipedia.org\/wiki\/Geijeraff\u00e4ren\">Geijeraff\u00e4ren <\/a>ledde till att Leif GW Persson fick sparken fr\u00e5n sitt jobb, och n\u00e4ra nog <a href=\"http:\/\/www.svt.se\/leif-gw-persson--min-klassresa\/leif-gw-persson-var-i-sa-daligt-skick-att-jag-inte-ens-klarade-av-att-skjuta-skallen-av-mig\/\">miste livet.<\/a><\/p>\n<p>PS<br \/>\nMed risk f\u00f6r att jag glappar vid sidan av mun, kan meddelas att KU inom kort sannolikt kommer att f\u00f6resl\u00e5 riksdagen ett tillk\u00e4nnagivande d\u00e4r L\u00f6fvenregeringen uppmanas att snabba p\u00e5 med lagstiftning som m\u00f6jligg\u00f6r meddelarfrihet \u00e4ven f\u00f6r anst\u00e4llda inom privat men offentligtfinansierad v\u00e4lf\u00e4rdsverksamhet.<\/p>\n<p><strong>Kommer Gr\u00e4vsverige<\/strong> att appl\u00e5dera?<\/p>\n","protected":false},"excerpt":{"rendered":"<p>Hur m\u00e5r offentlighetsprincipen? S\u00e5 l\u00f6d fr\u00e5gan\u00a0p\u00e5 ett seminarium hos\u00a0Meg16\u00a0som jag deltog i h\u00e4romdagen tillsammans med bl a\u00a0offentlighetsn\u00f6rden Nils Funcke. Mitt besked \u00e4r det h\u00e4r: Det finns en tung tradition inom svensk f\u00f6rvaltning att respektera offentlighetsprincipen. Myndigheter vill som regel vara lojala med lagstiftningen och vill inte bli kn\u00e4ppta p\u00e5 n\u00e4san av JO\/JK, \u00e4n mindre bli&hellip;<\/p>\n<p class=\"more-link-p\"><a class=\"more-link\" href=\"https:\/\/www.mariaabrahamsson.nu\/index.php\/2016\/04\/11\/summering-gravsverige-har-aldrig-matt-battre\/\">Read more &rarr;<\/a><\/p>\n","protected":false},"author":2,"featured_media":0,"comment_status":"open","ping_status":"open","sticky":false,"template":"","format":"standard","meta":{"footnotes":""},"categories":[1],"tags":[],"class_list":["post-11585","post","type-post","status-publish","format-standard","hentry","category-uncategorized"],"_links":{"self":[{"href":"https:\/\/www.mariaabrahamsson.nu\/index.php\/wp-json\/wp\/v2\/posts\/11585","targetHints":{"allow":["GET"]}}],"collection":[{"href":"https:\/\/www.mariaabrahamsson.nu\/index.php\/wp-json\/wp\/v2\/posts"}],"about":[{"href":"https:\/\/www.mariaabrahamsson.nu\/index.php\/wp-json\/wp\/v2\/types\/post"}],"author":[{"embeddable":true,"href":"https:\/\/www.mariaabrahamsson.nu\/index.php\/wp-json\/wp\/v2\/users\/2"}],"replies":[{"embeddable":true,"href":"https:\/\/www.mariaabrahamsson.nu\/index.php\/wp-json\/wp\/v2\/comments?post=11585"}],"version-history":[{"count":0,"href":"https:\/\/www.mariaabrahamsson.nu\/index.php\/wp-json\/wp\/v2\/posts\/11585\/revisions"}],"wp:attachment":[{"href":"https:\/\/www.mariaabrahamsson.nu\/index.php\/wp-json\/wp\/v2\/media?parent=11585"}],"wp:term":[{"taxonomy":"category","embeddable":true,"href":"https:\/\/www.mariaabrahamsson.nu\/index.php\/wp-json\/wp\/v2\/categories?post=11585"},{"taxonomy":"post_tag","embeddable":true,"href":"https:\/\/www.mariaabrahamsson.nu\/index.php\/wp-json\/wp\/v2\/tags?post=11585"}],"curies":[{"name":"wp","href":"https:\/\/api.w.org\/{rel}","templated":true}]}}