{"id":11560,"date":"2016-03-20T08:57:22","date_gmt":"2016-03-20T07:57:22","guid":{"rendered":"http:\/\/www.mariaabrahamsson.nu\/?p=11560"},"modified":"2020-11-01T12:25:48","modified_gmt":"2020-11-01T11:25:48","slug":"en-berattigad-ku-anmalan-i-vardande","status":"publish","type":"post","link":"https:\/\/www.mariaabrahamsson.nu\/index.php\/2016\/03\/20\/en-berattigad-ku-anmalan-i-vardande\/","title":{"rendered":"En ber\u00e4ttigad KU-anm\u00e4lan\u00a0i vardande"},"content":{"rendered":"<p><strong>\u00d6gonen fastnar p\u00e5<\/strong> en TT-notis om\u00a0<a href=\"https:\/\/www.msb.se\/sv\/Produkter--tjanster\/Rakel\/\">Rakel\u00a0<\/a>(DN 18\/3).<\/p>\n<p>Sex \u00e5r har g\u00e5tt sedan jag talade allvarsord om\u00a0polisens och r\u00e4ddningstj\u00e4nstens havererade kommunikationssystem. D\u00e5 &#8211; i februari 2010 &#8211; hade regeringar i\u00a0sju\u00a0l\u00e5nga\u00a0\u00e5r pumpat in miljarder av skattebetalarnas pengar i Rakel. Min po\u00e4ng var att det fanns privata akt\u00f6rer \u2013 mobil\u00adoperat\u00f6rer \u2013 som bara v\u00e4ntade p\u00e5 att f\u00e5 komplettera, utveckla och slutf\u00f6ra Rakelprojektet till l\u00e4gre kostnad. S\u00e5 vad v\u00e4ntar regeringen p\u00e5, undrade\u00a0jag\u00a0p\u00e5\u00a0<a href=\"http:\/\/www.dn.se\/debatt\/statens-gokunge-slukar-skattepengar-helt-i-onodan\/\">DN Debatt<\/a>\u00a0f\u00f6r sex \u00e5r sedan. (Mer\u00a0om Rakel bl a\u00a0<a href=\"http:\/\/www.mariaabrahamsson.nu\/index.php\/2010\/02\/15\/rakelkritiken-traffade-mitt-i-prick\/\">h\u00e4r<\/a>, <a href=\"http:\/\/www.mariaabrahamsson.nu\/index.php\/2010\/02\/16\/joda-rakel-fungerar-perfekt\/\">h\u00e4r<\/a>,\u00a0<a href=\"http:\/\/www.mariaabrahamsson.nu\/index.php\/2010\/02\/18\/rakelelandet-har-vevats-hela-morgonen\/\">h\u00e4r<\/a>\u00a0och\u00a0<a href=\"http:\/\/www.mariaabrahamsson.nu\/index.php\/2010\/06\/15\/skatteverket-har-inte-heller-rad-med-rakel\/\">h\u00e4r<\/a>).<\/p>\n<p><strong>Av TT-notisen f\u00f6rst\u00e5r<\/strong> man att <a href=\"https:\/\/www.msb.se\">Myndigheten f\u00f6r samh\u00e4llsskydd och beredskap<\/a>\u00a0i veckan levererade svar p\u00e5 ett\u00a0<a href=\"https:\/\/www.msb.se\/sv\/Om-MSB\/Nyheter-och-press\/Nyheter\/Nyheter---Rakel\/MSB-rustar-Rakel-och-forbereder-framtidens-kommunikation-for-samhallsviktig-verksamhet\/\">regeringsuppdrag<\/a>.\u00a0Myndigheten menar att\u00a0&#8221;p\u00e5 sikt&#8221; kan Rakel beh\u00f6va bytas ut:<\/p>\n<p>&#8221;Rakelsystemet har idag begr\u00e4nsad kapacitet f\u00f6r datakommunikation och d\u00e4rf\u00f6r\u00a0bed\u00f6mer MSB och andra akt\u00f6rer inom samh\u00e4llsviktig verksamhet att Rakel p\u00e5 sikt m\u00e5ste kompletteras med en kommunikationsl\u00f6sning\u00a0med h\u00f6gre datakapacitet.<\/p>\n<p>Arbetet med att\u00a0s\u00e4kra framtida\u00a0verksamhetskritisk tal- och datakommunikation f\u00f6r dessa akt\u00f6rer m\u00e5ste f\u00f6rberedas nu. Rakelsystemet kommer att forts\u00e4tta vara det system som anv\u00e4nds f\u00f6r verksamhetskritisk talkommunikation under l\u00e5ng tid fram\u00f6ver. N\u00e4r det finns en annan teknisk l\u00f6sning som erbjuder verksamhetskritiskt tal som \u00e4r minst lika bra eller b\u00e4ttre \u00e4n det som Rakel erbjuder, kommer tekniken att bytas ut.&#8221;\u00a0Slut citat.<\/p>\n<p><strong>N\u00e4r det finns en annan <\/strong>teknisk l\u00f6sning som \u00e4r b\u00e4ttre?<\/p>\n<p>Tretton \u00e5r har g\u00e5tt sedan regeringar av olika snitt och f\u00e4rg b\u00f6rjade pumpa in miljarder i Rakel. Som samh\u00e4llsintresserad medborgare, lojal skattebetalare, ansvarstagande lagstiftare och &#8211; inte minst &#8211; som ledamot av Konstitutionsutskottet fr\u00e5gar jag mig om\u00a0den styrande maktens\u00a0hantering av Rakel lever upp till\u00a0<a href=\"http:\/\/www.esv.se\/publicerat\/ea-boken\/?page=eabok_ch_1_sec_Budgetlag\">budgetlagens krav<\/a>\u00a0i\u00a03 \u00a7 om att i statens verksamhet ska h\u00f6g effektivitet efterstr\u00e4vas och god hush\u00e5llning iakttas?<\/p>\n<p><strong>Har p\u00e5 k\u00e4nn <\/strong>att jag\u00a0vet svaret.<\/p>\n","protected":false},"excerpt":{"rendered":"<p>\u00d6gonen fastnar p\u00e5 en TT-notis om\u00a0Rakel\u00a0(DN 18\/3). Sex \u00e5r har g\u00e5tt sedan jag talade allvarsord om\u00a0polisens och r\u00e4ddningstj\u00e4nstens havererade kommunikationssystem. D\u00e5 &#8211; i februari 2010 &#8211; hade regeringar i\u00a0sju\u00a0l\u00e5nga\u00a0\u00e5r pumpat in miljarder av skattebetalarnas pengar i Rakel. Min po\u00e4ng var att det fanns privata akt\u00f6rer \u2013 mobil\u00adoperat\u00f6rer \u2013 som bara v\u00e4ntade p\u00e5 att f\u00e5 komplettera,&hellip;<\/p>\n<p class=\"more-link-p\"><a class=\"more-link\" href=\"https:\/\/www.mariaabrahamsson.nu\/index.php\/2016\/03\/20\/en-berattigad-ku-anmalan-i-vardande\/\">Read more &rarr;<\/a><\/p>\n","protected":false},"author":2,"featured_media":0,"comment_status":"open","ping_status":"open","sticky":false,"template":"","format":"standard","meta":{"footnotes":""},"categories":[1],"tags":[249],"class_list":["post-11560","post","type-post","status-publish","format-standard","hentry","category-uncategorized","tag-ku"],"_links":{"self":[{"href":"https:\/\/www.mariaabrahamsson.nu\/index.php\/wp-json\/wp\/v2\/posts\/11560","targetHints":{"allow":["GET"]}}],"collection":[{"href":"https:\/\/www.mariaabrahamsson.nu\/index.php\/wp-json\/wp\/v2\/posts"}],"about":[{"href":"https:\/\/www.mariaabrahamsson.nu\/index.php\/wp-json\/wp\/v2\/types\/post"}],"author":[{"embeddable":true,"href":"https:\/\/www.mariaabrahamsson.nu\/index.php\/wp-json\/wp\/v2\/users\/2"}],"replies":[{"embeddable":true,"href":"https:\/\/www.mariaabrahamsson.nu\/index.php\/wp-json\/wp\/v2\/comments?post=11560"}],"version-history":[{"count":1,"href":"https:\/\/www.mariaabrahamsson.nu\/index.php\/wp-json\/wp\/v2\/posts\/11560\/revisions"}],"predecessor-version":[{"id":13580,"href":"https:\/\/www.mariaabrahamsson.nu\/index.php\/wp-json\/wp\/v2\/posts\/11560\/revisions\/13580"}],"wp:attachment":[{"href":"https:\/\/www.mariaabrahamsson.nu\/index.php\/wp-json\/wp\/v2\/media?parent=11560"}],"wp:term":[{"taxonomy":"category","embeddable":true,"href":"https:\/\/www.mariaabrahamsson.nu\/index.php\/wp-json\/wp\/v2\/categories?post=11560"},{"taxonomy":"post_tag","embeddable":true,"href":"https:\/\/www.mariaabrahamsson.nu\/index.php\/wp-json\/wp\/v2\/tags?post=11560"}],"curies":[{"name":"wp","href":"https:\/\/api.w.org\/{rel}","templated":true}]}}