{"id":11524,"date":"2016-01-10T17:36:39","date_gmt":"2016-01-10T16:36:39","guid":{"rendered":"http:\/\/www.mariaabrahamsson.nu\/?p=11524"},"modified":"2016-01-10T17:36:48","modified_gmt":"2016-01-10T16:36:48","slug":"utrikesministern-pa-folk-forsvar-i-vilken-egenskap","status":"publish","type":"post","link":"https:\/\/www.mariaabrahamsson.nu\/index.php\/2016\/01\/10\/utrikesministern-pa-folk-forsvar-i-vilken-egenskap\/","title":{"rendered":"Utrikesministern p\u00e5 Folk &#038; F\u00f6rsvar i vilken egenskap?"},"content":{"rendered":"<p><strong>Utrikesminister Margot Wallstr\u00f6m<\/strong> \u00e5ker allts\u00e5 till Folk och F\u00f6rsvars rikskonferens i S\u00e4len och h\u00e5ller ett anf\u00f6rande d\u00e4r hon luftar id\u00e9n om en ny\u00a0<a href=\"http:\/\/sverigesradio.se\/sida\/artikel.aspx?programid=83&amp;artikel=6341926\">civil v\u00e4rnplikt<\/a>. Dock\u00a0med brasklappen:\u00a0&#8221;f\u00f6rslaget \u00e4r personligt och inte n\u00e5got hon s\u00e4ger som representant f\u00f6r regeringen&#8221;. Bra eller d\u00e5ligt f\u00f6rslag? Den v\u00e4rderingen \u00e5terst\u00e5r att g\u00f6ra till att b\u00f6rja med inom regeringen sj\u00e4lv.<\/p>\n<p>D\u00e4remot undrar jag alldeles best\u00e4mt om\u00a0Sveriges utrikesminister vet i vilken egenskap hon \u00e4r inbjuden till Folk och F\u00f6rsvars rikskonferens?<\/p>\n<p><strong>F\u00f6rvirring verkar ha<\/strong> uppst\u00e5tt \u00e4ven i Radiohuset. F\u00f6r i Ekot <a href=\"http:\/\/sverigesradio.se\/sida\/kanalprogramlista.aspx?programid=132\">kl 16.00<\/a>\u00a0annonseras Wallstr\u00f6ms f\u00f6rslag fortfarande som utrikesministerns. I n\u00e4sta s\u00e4ndning &#8211; Ekot<a href=\"http:\/\/t.sr.se\/1ZevfmL\"> 16.45<\/a> &#8211; s\u00e4gs nyheten ha lanserats av &#8221;ett socialdemokratiskt toppnamn&#8221;.<\/p>\n<p>Kanske hade n\u00e5gon under tiden hunnit ringa &#8211; fr\u00e5n UD eller typ Sveav\u00e4gen?<\/p>\n","protected":false},"excerpt":{"rendered":"<p>Utrikesminister Margot Wallstr\u00f6m \u00e5ker allts\u00e5 till Folk och F\u00f6rsvars rikskonferens i S\u00e4len och h\u00e5ller ett anf\u00f6rande d\u00e4r hon luftar id\u00e9n om en ny\u00a0civil v\u00e4rnplikt. Dock\u00a0med brasklappen:\u00a0&#8221;f\u00f6rslaget \u00e4r personligt och inte n\u00e5got hon s\u00e4ger som representant f\u00f6r regeringen&#8221;. Bra eller d\u00e5ligt f\u00f6rslag? Den v\u00e4rderingen \u00e5terst\u00e5r att g\u00f6ra till att b\u00f6rja med inom regeringen sj\u00e4lv. D\u00e4remot undrar&hellip;<\/p>\n<p class=\"more-link-p\"><a class=\"more-link\" href=\"https:\/\/www.mariaabrahamsson.nu\/index.php\/2016\/01\/10\/utrikesministern-pa-folk-forsvar-i-vilken-egenskap\/\">Read more &rarr;<\/a><\/p>\n","protected":false},"author":2,"featured_media":0,"comment_status":"open","ping_status":"open","sticky":false,"template":"","format":"standard","meta":{"footnotes":""},"categories":[1],"tags":[],"class_list":["post-11524","post","type-post","status-publish","format-standard","hentry","category-uncategorized"],"_links":{"self":[{"href":"https:\/\/www.mariaabrahamsson.nu\/index.php\/wp-json\/wp\/v2\/posts\/11524","targetHints":{"allow":["GET"]}}],"collection":[{"href":"https:\/\/www.mariaabrahamsson.nu\/index.php\/wp-json\/wp\/v2\/posts"}],"about":[{"href":"https:\/\/www.mariaabrahamsson.nu\/index.php\/wp-json\/wp\/v2\/types\/post"}],"author":[{"embeddable":true,"href":"https:\/\/www.mariaabrahamsson.nu\/index.php\/wp-json\/wp\/v2\/users\/2"}],"replies":[{"embeddable":true,"href":"https:\/\/www.mariaabrahamsson.nu\/index.php\/wp-json\/wp\/v2\/comments?post=11524"}],"version-history":[{"count":0,"href":"https:\/\/www.mariaabrahamsson.nu\/index.php\/wp-json\/wp\/v2\/posts\/11524\/revisions"}],"wp:attachment":[{"href":"https:\/\/www.mariaabrahamsson.nu\/index.php\/wp-json\/wp\/v2\/media?parent=11524"}],"wp:term":[{"taxonomy":"category","embeddable":true,"href":"https:\/\/www.mariaabrahamsson.nu\/index.php\/wp-json\/wp\/v2\/categories?post=11524"},{"taxonomy":"post_tag","embeddable":true,"href":"https:\/\/www.mariaabrahamsson.nu\/index.php\/wp-json\/wp\/v2\/tags?post=11524"}],"curies":[{"name":"wp","href":"https:\/\/api.w.org\/{rel}","templated":true}]}}