{"id":11509,"date":"2016-01-08T11:05:14","date_gmt":"2016-01-08T10:05:14","guid":{"rendered":"http:\/\/www.mariaabrahamsson.nu\/?p=11509"},"modified":"2020-11-01T12:29:23","modified_gmt":"2020-11-01T11:29:23","slug":"lofvens-elefantinhopp-pa-rattsvasendets-falt","status":"publish","type":"post","link":"https:\/\/www.mariaabrahamsson.nu\/index.php\/2016\/01\/08\/lofvens-elefantinhopp-pa-rattsvasendets-falt\/","title":{"rendered":"L\u00f6fvens elefantinhopp p\u00e5 r\u00e4ttsv\u00e4sendets f\u00e4lt"},"content":{"rendered":"<p><strong>Jag var inte ensam <\/strong>om att h\u00f6ja p\u00e5 \u00f6gonbrynet n\u00e4r Sveriges statsminister \u00f6ste ber\u00f6m \u00f6ver livstidsdomarna som G\u00f6teborgs tingsr\u00e4tt avkunnade strax f\u00f6re jul mot de tv\u00e5 m\u00e4n som st\u00e5tt \u00e5talade f\u00f6r terroristbrott i Syrien 2013. Stefan L\u00f6fven kommenterade domarna s\u00e5 h\u00e4r (i\u00a0<a href=\"http:\/\/www.svd.se\/terroratalade-far-sin-dom\">SvD<\/a>): &#8221;Det \u00e4r en viktig signal fr\u00e5n r\u00e4ttssamh\u00e4llet, det \u00e4r inte okej att \u00e5ka ner och beg\u00e5 brott mot m\u00e4nskligheten i andra l\u00e4nder&#8221;.<\/p>\n<p>Det \u00e4r sj\u00e4lvklart inte l\u00e4mpligt att den som f\u00f6retr\u00e4der regeringen betygs\u00e4tter eller \u00f6ver huvud taget kommenterar en icke lagakraftvunnen dom. Bland annat d\u00e4rf\u00f6r att det kan ge intryck av att den styrande makten f\u00f6rs\u00f6ker p\u00e5verka den d\u00f6mande, i detta fall den eller de h\u00f6gre r\u00e4ttsinstanser som eventuellt kommer att \u00f6verpr\u00f6va tingsr\u00e4ttens dom. Men jag ser ingen anledning att kritisera L\u00f6fven alltf\u00f6r h\u00e5rt. Han \u00e4r statsr\u00e4ttsligt oerfaren och juridiskt okunnig, s\u00e5 det elefantinhoppet m\u00e5 vara honom f\u00f6rl\u00e5tet.<\/p>\n<p><strong>Nej, vad som framf\u00f6r allt <\/strong>fick mig att haja till var att statsministern gav ett s\u00e5 of\u00f6rblommerat erk\u00e4nnande \u00e5t den s\u00e5 kallade allm\u00e4npreventionen. F\u00f6r L\u00f6fvens i och f\u00f6r sig ol\u00e4mpliga uttalande gav tvekl\u00f6st intryck av att det \u00e4ntligen \u00e4r slut p\u00e5 socialdemokraternas snart 30 \u00e5r gamla avst\u00e5ndstagande fr\u00e5n tanken att domstolarna b\u00f6r kunna ta h\u00e4nsyn till att h\u00e5rda straff kan ha avskr\u00e4ckande verkan p\u00e5 andra som funderar p\u00e5 att beg\u00e5 liknande brott.<\/p>\n<p>Som sv\u00e5rt intresserad av kriminalpolitik i allm\u00e4nhet och straffr\u00e4tt i synnerhet var det givet att jag ville f\u00e5 klarhet i saken. Sagt och gjort, jag st\u00e4llde i egenskap av riksdagsledamot en skriftlig fr\u00e5ga till justitie- och integrationsminister Morgan Johansson.<\/p>\n<p><strong>Min fr\u00e5ga <\/strong>(kan l\u00e4sas <a href=\"https:\/\/www.riksdagen.se\/sv\/Dokument-Lagar\/Fragor-och-anmalningar\/Fragor-for-skriftliga-svar\/Allmanpreventionens-betydelse-_H311539\/\">h\u00e4r<\/a>) g\u00e5r i korthet ut p\u00e5 att jag undrar om statsministern ompr\u00f6vat allm\u00e4npreventionens betydelse f\u00f6r domstolarnas r\u00e4ttstill\u00e4mpning, eller om statsministern menar att just jihadister, n\u00e4r de st\u00e5r i valet och kvalet om de ska beg\u00e5 brott eller inte, utg\u00f6r ett undantag? \u00c4r jihadister, till skillnad fr\u00e5n andra potentiella brottslingar, s\u00e5 r\u00e4dda f\u00f6r att svenska domstolar ser str\u00e4ngt p\u00e5 deras tilltag att de av den anledningen avst\u00e5r fr\u00e5n sina planerade illg\u00e4rningar?<\/p>\n<p>N\u00e4rmare best\u00e4mt fr\u00e5gade jag allts\u00e5 Morgan Johansson om vilken inst\u00e4llning justitie- och migrationsministern och regeringen har i fr\u00e5ga om allm\u00e4npreventionens betydelse f\u00f6r domstolarnas r\u00e4ttstill\u00e4mpning. Ska allm\u00e4npreventionen \u00e5terinf\u00f6ras som en sak f\u00f6r domstolarna att ta h\u00e4nsyn till vid best\u00e4mmande av p\u00e5f\u00f6ljd? Och i s\u00e5 fall f\u00f6r brottslingar i allm\u00e4nhet eller bara f\u00f6r jihadister?<\/p>\n<p><strong>Trettondagsafton plingade det<\/strong>\u00a0s\u00e5 till i mejlboxen. Det var fr\u00e5n justitie- och migrationsministern och han svarade nej: &#8221;Det p\u00e5g\u00e5r f\u00f6r n\u00e4rvarande inget arbete inom Regeringskansliet som syftar till att f\u00f6r\u00e4ndra principerna f\u00f6r p\u00e5f\u00f6ljdssystemet eller p\u00e5f\u00f6ljdsvalet.&#8221;<\/p>\n<p>Johanssons svar kan l\u00e4sas i sin helhet\u00a0<a href=\"https:\/\/www.riksdagen.se\/sv\/Dokument-Lagar\/Fragor-och-anmalningar\/Svar-pa-skriftliga-fragor\/Allmanpreventionens-betydelse-_H312539\/#\">h\u00e4r<\/a>\u00a0och den observanta l\u00e4saren konstaterar att statsr\u00e5det duckar f\u00f6r fr\u00e5gan om allm\u00e4npreventionens betydelse \u2013 f\u00f6r jihadister och andra \u2013 och v\u00e4ljer att i st\u00e4llet ge en nyb\u00f6rjarf\u00f6rel\u00e4sning om straffr\u00e4ttens elementa.<\/p>\n<p><strong>Det enda intressanta med justitieministerns <\/strong>i \u00f6vrigt intets\u00e4gande svar \u00e4r att statsminister L\u00f6fven den h\u00e4r g\u00e5ngen var ute och cyklade. Det \u00e4r inte f\u00f6rsta g\u00e5ngen det h\u00e4nder n\u00e4r statsministrar, oavsett politisk kul\u00f6r, ger sig p\u00e5 att kommentera r\u00e4ttstill\u00e4mpningen och juridiska principer. Ingen beg\u00e4r att regeringschefen till allt annat ocks\u00e5 ska vara en duktig jurist. Desto viktigare d\u00e5 att statsministern \u2013 och andra statsr\u00e5d \u2013 r\u00e5dfr\u00e5gar den sakkunskap som finns i regeringskansliet innan de ger sig ut och f\u00e4ktar p\u00e5 r\u00e4ttsv\u00e4sendets f\u00e4lt.<\/p>\n","protected":false},"excerpt":{"rendered":"<p>Jag var inte ensam om att h\u00f6ja p\u00e5 \u00f6gonbrynet n\u00e4r Sveriges statsminister \u00f6ste ber\u00f6m \u00f6ver livstidsdomarna som G\u00f6teborgs tingsr\u00e4tt avkunnade strax f\u00f6re jul mot de tv\u00e5 m\u00e4n som st\u00e5tt \u00e5talade f\u00f6r terroristbrott i Syrien 2013. Stefan L\u00f6fven kommenterade domarna s\u00e5 h\u00e4r (i\u00a0SvD): &#8221;Det \u00e4r en viktig signal fr\u00e5n r\u00e4ttssamh\u00e4llet, det \u00e4r inte okej att \u00e5ka&hellip;<\/p>\n<p class=\"more-link-p\"><a class=\"more-link\" href=\"https:\/\/www.mariaabrahamsson.nu\/index.php\/2016\/01\/08\/lofvens-elefantinhopp-pa-rattsvasendets-falt\/\">Read more &rarr;<\/a><\/p>\n","protected":false},"author":2,"featured_media":0,"comment_status":"open","ping_status":"open","sticky":false,"template":"","format":"standard","meta":{"footnotes":""},"categories":[1],"tags":[260,256,228],"class_list":["post-11509","post","type-post","status-publish","format-standard","hentry","category-uncategorized","tag-allmanprevention","tag-domstolarna","tag-lofven"],"_links":{"self":[{"href":"https:\/\/www.mariaabrahamsson.nu\/index.php\/wp-json\/wp\/v2\/posts\/11509","targetHints":{"allow":["GET"]}}],"collection":[{"href":"https:\/\/www.mariaabrahamsson.nu\/index.php\/wp-json\/wp\/v2\/posts"}],"about":[{"href":"https:\/\/www.mariaabrahamsson.nu\/index.php\/wp-json\/wp\/v2\/types\/post"}],"author":[{"embeddable":true,"href":"https:\/\/www.mariaabrahamsson.nu\/index.php\/wp-json\/wp\/v2\/users\/2"}],"replies":[{"embeddable":true,"href":"https:\/\/www.mariaabrahamsson.nu\/index.php\/wp-json\/wp\/v2\/comments?post=11509"}],"version-history":[{"count":1,"href":"https:\/\/www.mariaabrahamsson.nu\/index.php\/wp-json\/wp\/v2\/posts\/11509\/revisions"}],"predecessor-version":[{"id":13491,"href":"https:\/\/www.mariaabrahamsson.nu\/index.php\/wp-json\/wp\/v2\/posts\/11509\/revisions\/13491"}],"wp:attachment":[{"href":"https:\/\/www.mariaabrahamsson.nu\/index.php\/wp-json\/wp\/v2\/media?parent=11509"}],"wp:term":[{"taxonomy":"category","embeddable":true,"href":"https:\/\/www.mariaabrahamsson.nu\/index.php\/wp-json\/wp\/v2\/categories?post=11509"},{"taxonomy":"post_tag","embeddable":true,"href":"https:\/\/www.mariaabrahamsson.nu\/index.php\/wp-json\/wp\/v2\/tags?post=11509"}],"curies":[{"name":"wp","href":"https:\/\/api.w.org\/{rel}","templated":true}]}}