{"id":11468,"date":"2015-11-29T18:57:10","date_gmt":"2015-11-29T17:57:10","guid":{"rendered":"http:\/\/www.mariaabrahamsson.nu\/?p=11468"},"modified":"2018-10-19T20:24:47","modified_gmt":"2018-10-19T18:24:47","slug":"vi-ar-manga-som-numera-vet-varfor-medelhavsinstituten-behovs","status":"publish","type":"post","link":"https:\/\/www.mariaabrahamsson.nu\/index.php\/2015\/11\/29\/vi-ar-manga-som-numera-vet-varfor-medelhavsinstituten-behovs\/","title":{"rendered":"M\u00e5nga som numera vet varf\u00f6r Medelhavsinstituten beh\u00f6vs"},"content":{"rendered":"<p><strong>Regeringens strypning<\/strong>\u00a0av anslaget till Medelhavsinstituten f\u00f6rra h\u00f6sten &#8211; och d\u00e4rmed skrotning av Sveriges koppling till antikens kultur &#8211; ledde som bekant till ett ramaskri som fick regeringen att \u00e4ndra sig. Sj\u00e4lv\u00a0<a href=\"http:\/\/www.riksdagen.se\/sv\/Dokument-Lagar\/Fragor-och-anmalningar\/KU-anmalningar\/13Granskning-av-huruvida-rege_H2A12F7E09\/\">KU-anm\u00e4lde<\/a>\u00a0jag regeringen f\u00f6r att inte ha berett \u00e4rendet i enlighet med grundlagens krav. Nyfiken valde jag d\u00e4rf\u00f6r i g\u00e5r (28\/11) att trotsa regn och rusk f\u00f6r att delta i\u00a0Italienska Kulturinstitutets och de svenska v\u00e4nf\u00f6reningarnas seminarium <a href=\"https:\/\/www.facebook.com\/events\/1670968746482966\/\">En dag\u00a0f\u00f6r Medelhavsinstituten<\/a>.<\/p>\n<p>S\u00e5 visst, regeringens lilla &#8221;missf\u00f6rst\u00e5nd&#8221;, som ambassad\u00f6r Staffan de Mistura tillika intendent p\u00e5 <a href=\"http:\/\/www.villasanmichele.eu\/sv\/valkommen\">Villa San Michele<\/a>,\u00a0diplomatiskt uttryckte det, har absolut fungerat som en \u00f6gon\u00f6ppnare. Tidigare hade jag sj\u00e4lv knappt en aning om att de svenska Medelhavsinstituten i <a href=\"http:\/\/www.isvroma.it\/public\/New\/\">Rom<\/a>, <a href=\"https:\/\/sv.wikipedia.org\/wiki\/Svenska_institutet_i_Athen\">Aten<\/a> och <a href=\"http:\/\/srii.bokorder.se\/sv-se\/about\">Istanbul<\/a>\u00a0existerade. Nu vet jag dessutom att de beh\u00f6vs och rent av \u00e4r omistliga.<\/p>\n<p><strong>Helt i samklang med st\u00e4mningen<\/strong> i lokalen konstaterade allts\u00e5 den avslutande seminariedeltagaren och forne forskningsministern\u00a0Carl Tham med sin karakt\u00e4ristiska st\u00e4mma: Jag tror inte fr\u00e5gan beh\u00f6ver st\u00e4llas i framtiden om varf\u00f6r Sverige beh\u00f6ver instituten.<\/p>\n<p>Klockan var \u00f6ver fyra och den i regeringen ansvariga ministern f\u00f6r de svenska forskningsinstituten, Helene Hellmark Knutsson, som inledningsvis var p\u00e5 plats och h\u00f6ll ett kort anf\u00f6rande, hade fullt f\u00f6rst\u00e5eligt hunnit l\u00e4mna lokalen. Men visst var det synd att hon inte fick h\u00f6ra det b\u00e4sta\u00a0svaret p\u00e5 fr\u00e5gan varf\u00f6r instituten beh\u00f6vs.<\/p>\n<p><strong>Professor\u00a0<\/strong><a href=\"https:\/\/sv.wikipedia.org\/wiki\/Anders_Cullhed\">Anders Cullhed<\/a>\u00a0bj\u00f6d p\u00e5 en bl\u00e4ndade expos\u00e9 \u00f6ver de svenska institutens h\u00f6gre utbildning och forskning i v\u00e4rldsklass och deras rika utbud av internationella seminarier med spr\u00e4ngl\u00e4rda\u00a0storheter som f\u00f6redragsh\u00e5llare. D\u00e4refter \u00f6vergick Cullhed till &#8211; som han menade &#8211; det huvudsakliga argumentet till varf\u00f6r Medelhavsinstituten beh\u00f6vs: Internationaliseringen.<\/p>\n<p>\u00c4mnet p\u00e5 var mans l\u00e4ppar dessa tider \u00e4r migrationen. Cullhed gjorde glasklart att har man anspr\u00e5k p\u00e5 att f\u00f6rst\u00e5 v\u00e5r tids flyktingstr\u00f6mmar i medelhavsomr\u00e5det duger det inte att bara betrakta v\u00e4rlden hemifr\u00e5n utan svenska humanister (och beslutsfattare, min anm) &#8221;m\u00e5ste g\u00e5 ut i v\u00e4rlden&#8221;.<\/p>\n<p><strong>\u00c5 andra sidan, om man<\/strong>\u00a0s\u00f6ker sig ut i v\u00e4rlden tack vare forskningsstipendium fr\u00e5n t ex Riksbankens Jubileumsfond och har turen att f\u00e5 tillbringa en tid p\u00e5 Svenska institutet i Rom, d\u00e5 riskerar man att bli bortgl\u00f6md hemmavid och f\u00f6rbisprungen i universitetskarri\u00e4ren. Fil.dr och numera Nationalmuseums forskningsledare Martin Olin, tidigare vice vd f\u00f6r <a href=\"http:\/\/www.isvroma.it\/public\/New\/\">Svenska institutet i Rom<\/a>, l\u00e4t ingen mindre \u00e4n Esaias Tegn\u00e9r och hans &#8221;Romresan&#8221; beskriva dilemmat, som tydligen \u00e4r lika aktuellt i dag som i b\u00f6rjan av 1800-talet. Den l\u00e5nga diktens sista strof lyder s\u00e5 h\u00e4r:<\/p>\n<pre id=\"the_text_1_\">Och s\u00e5 drar han h\u00e4n och hinner\r\nRom p\u00e5 svullna f\u00f6tter, vinner\r\nkonstens pris, som anden bj\u00f6d.\r\nTill sitt land han \u00e5terv\u00e4nde:\r\nfr\u00e4mlingen, som ingen k\u00e4nde,\r\nfann ej br\u00f6d.<\/pre>\n<p><a href=\"http:\/\/wordpress-hemsida.nu\/\">Hemsidan drivs med WordPress<\/a>.<\/p>\n","protected":false},"excerpt":{"rendered":"<p>Regeringens strypning\u00a0av anslaget till Medelhavsinstituten f\u00f6rra h\u00f6sten &#8211; och d\u00e4rmed skrotning av Sveriges koppling till antikens kultur &#8211; ledde som bekant till ett ramaskri som fick regeringen att \u00e4ndra sig. Sj\u00e4lv\u00a0KU-anm\u00e4lde\u00a0jag regeringen f\u00f6r att inte ha berett \u00e4rendet i enlighet med grundlagens krav. Nyfiken valde jag d\u00e4rf\u00f6r i g\u00e5r (28\/11) att trotsa regn och rusk&hellip;<\/p>\n<p class=\"more-link-p\"><a class=\"more-link\" href=\"https:\/\/www.mariaabrahamsson.nu\/index.php\/2015\/11\/29\/vi-ar-manga-som-numera-vet-varfor-medelhavsinstituten-behovs\/\">Read more &rarr;<\/a><\/p>\n","protected":false},"author":2,"featured_media":0,"comment_status":"open","ping_status":"open","sticky":false,"template":"","format":"standard","meta":{"footnotes":""},"categories":[1],"tags":[],"class_list":["post-11468","post","type-post","status-publish","format-standard","hentry","category-uncategorized"],"_links":{"self":[{"href":"https:\/\/www.mariaabrahamsson.nu\/index.php\/wp-json\/wp\/v2\/posts\/11468","targetHints":{"allow":["GET"]}}],"collection":[{"href":"https:\/\/www.mariaabrahamsson.nu\/index.php\/wp-json\/wp\/v2\/posts"}],"about":[{"href":"https:\/\/www.mariaabrahamsson.nu\/index.php\/wp-json\/wp\/v2\/types\/post"}],"author":[{"embeddable":true,"href":"https:\/\/www.mariaabrahamsson.nu\/index.php\/wp-json\/wp\/v2\/users\/2"}],"replies":[{"embeddable":true,"href":"https:\/\/www.mariaabrahamsson.nu\/index.php\/wp-json\/wp\/v2\/comments?post=11468"}],"version-history":[{"count":0,"href":"https:\/\/www.mariaabrahamsson.nu\/index.php\/wp-json\/wp\/v2\/posts\/11468\/revisions"}],"wp:attachment":[{"href":"https:\/\/www.mariaabrahamsson.nu\/index.php\/wp-json\/wp\/v2\/media?parent=11468"}],"wp:term":[{"taxonomy":"category","embeddable":true,"href":"https:\/\/www.mariaabrahamsson.nu\/index.php\/wp-json\/wp\/v2\/categories?post=11468"},{"taxonomy":"post_tag","embeddable":true,"href":"https:\/\/www.mariaabrahamsson.nu\/index.php\/wp-json\/wp\/v2\/tags?post=11468"}],"curies":[{"name":"wp","href":"https:\/\/api.w.org\/{rel}","templated":true}]}}