{"id":11447,"date":"2015-11-21T11:03:54","date_gmt":"2015-11-21T10:03:54","guid":{"rendered":"http:\/\/www.mariaabrahamsson.nu\/?p=11447"},"modified":"2020-11-01T16:58:11","modified_gmt":"2020-11-01T15:58:11","slug":"nya-terrorveckor-vantar-men-vi-ar-inte-naiva","status":"publish","type":"post","link":"https:\/\/www.mariaabrahamsson.nu\/index.php\/2015\/11\/21\/nya-terrorveckor-vantar-men-vi-ar-inte-naiva\/","title":{"rendered":"Nya terrorveckor v\u00e4ntar men vi \u00e4r inte naiva"},"content":{"rendered":"<p><strong>F\u00f6rra fredagen\u00a0var allt<\/strong> som vanligt. En \u00f6l p\u00e5 v\u00e4g hem fr\u00e5n kontoret, en skaplig tv-kv\u00e4ll varvat med ikappl\u00e4sning. Det var d\u00e5 helvetet \u00f6ppnade sig. \u00c4n en g\u00e5ng inom loppet av ett \u00e5r utsattes parisarna f\u00f6r d\u00f6dliga terrorattacker. Den fulla vidden av attentaten sj\u00f6nk in i mitt medvetande f\u00f6rst morgonen d\u00e4rp\u00e5 &#8211; n\u00e4r klockradion gick ig\u00e5ng. Radion och TV:n gick i stereo hela dagen och l\u00e5ngt in p\u00e5 l\u00f6rdagskv\u00e4llen. Fr\u00e5n balkongen s\u00e5g jag hur H\u00f6torgsskraporna antog Trikolorens f\u00e4rger f\u00f6r att hedra terrorns offer. Medk\u00e4nsla kallas det, och solidaritet. T\u00e5rar blinkades bort.<\/p>\n<p>N\u00e4sta dag l\u00e4mnade jag inte bostaden. Inget ovanligt med det. Det h\u00e4nder ofta p\u00e5 s\u00f6ndagar att morgonrocken f\u00e5r vara p\u00e5 \u00e4nda till kv\u00e4llens Agenda. Det \u00e4r en lyx jag unnar mig. Men den h\u00e4r s\u00f6ndagen funderade jag p\u00e5 om jag stannade hemma f\u00f6r att jag var sk\u00e4rrad. Kom fram till att s\u00e5 inte var fallet. Men bara att jag st\u00e4llde mig fr\u00e5gan och grubblade \u00f6ver svaret visar hur uppskakad jag \u00e4nd\u00e5 var.<\/p>\n<p><strong>S\u00e5 blev det m\u00e5ndag<\/strong> och jag hade en lunch p\u00e5 stan. Passerade Gustav Adolfs torg n\u00e5gra minuter i tolv. Flaggorna p\u00e5 torget och utanf\u00f6r UD var halade p\u00e5 halv st\u00e5ng. \u00c5terigen k\u00e4nde jag hur t\u00e5rarna steg, blinkade bort. Prick 12.00 sitter jag i skinnsoffan p\u00e5 lunchhaket och v\u00e4ntar p\u00e5 mitt s\u00e4llskap, och st\u00f6rs av skrattsalvorna fr\u00e5n engelsm\u00e4nnen vid h\u00f6rnbordet. Ingen tyst minut h\u00e4r inte. P\u00e5 kv\u00e4llen gick jag p\u00e5 styrelsem\u00f6te med min partif\u00f6rening Maria. Tog tunnelbanan hem. K\u00e4nde mig modig.<\/p>\n<p>Tisdag i riksdagsveckan \u00e4r lika med utskottssammantr\u00e4de. I mitt fall med <a href=\"https:\/\/www.riksdagen.se\/sv\/Utskott-EU-namnd\/Konstitutionsutskottet\/Ledamoter\/\">Konstitutionsutskottet.<\/a> Och ja, KU hedrade terrorns offer med en tyst minut. En tom gest? Nej, jag h\u00e5ller inte med. Tisdag i riksdagsveckan betyder ocks\u00e5 sammantr\u00e4de med den moderata riksdagsgruppen. Gruppens ledare <a href=\"https:\/\/www.riksdagen.se\/sv\/ledamoter-partier\/Moderata-samlingspartiet\/\">Jessica Polfj\u00e4rd<\/a> har initierat programpunkten &#8221;Veckans moderatkompis&#8221; och i tisdags var det partibroder <a href=\"https:\/\/www.riksdagen.se\/sv\/ledamoter-partier\/Hitta-ledamot\/Ledamoter\/Bengtsson-Finn-0721657655513\/\">Finn Bengtssons<\/a> tur att \u00e4ntra talarstolen och &#8230; ja nu blir ni nyfikna men mina l\u00e4ppar \u00e4r som bekant f\u00f6rseglade om vad som yttras p\u00e5 gruppens m\u00f6ten. D\u00e4refter var det den moderata konstitutionskommitt\u00e9ns tur att ordna &#8221;tisdagspub&#8221; f\u00f6r partikompisarna. Det blev en bra kv\u00e4ll.<\/p>\n<p><strong>Onsdagen inleddes<\/strong> med bes\u00f6k i verkligheten. (Jo, jag var &#8221;vaksam&#8221; i tr\u00e4ngseln p\u00e5 tunnelbanevagnen). Klockan 09.00 satt KU:s allianskommitt\u00e9 p\u00e5 det bokade caf\u00e9et i Kistagallerian f\u00f6r att lyssna p\u00e5 feministen och aktivisten <a href=\"https:\/\/www.facebook.com\/zeliha.dagli\">Zeliha Dagli<\/a>. En kvinna med stort mod som i somras gjort sig k\u00e4nd f\u00f6r en vidare krets genom att vittna om &#8221;skuggorna&#8221; i f\u00f6rorten som f\u00f6rtrycker och besk\u00e4r kvinnors livsrum (l\u00e4s\u00a0<a href=\"http:\/\/www.aftonbladet.se\/debatt\/debattamnen\/jamstalldhet\/article20877039.ab\">h\u00e4r<\/a> och <a href=\"http:\/\/www.aftonbladet.se\/debatt\/article21759169.ab\">h\u00e4r<\/a>). Vi talade om ton\u00e5rsd\u00f6ttrar och vuxna kvinnor som f\u00e5r sina grundl\u00e4ggande m\u00e4nskliga fri- och r\u00e4ttigheter inskr\u00e4nkta av m\u00e4n &#8211; och kvinnor &#8211; i hederns namn. Det s\u00e4ger sig sj\u00e4lvt att som ledam\u00f6ter i KU med ansvar f\u00f6r inte minst MR-fr\u00e5gorna m\u00e5ste vi l\u00e4ra mer om hur vi effektivast kan och b\u00f6r agera n\u00e4r vi uppm\u00e4rksammas p\u00e5 att m\u00e4nniskors\u00a0fundamentala r\u00e4ttigheter systematiskt kr\u00e4nks. Senare p\u00e5 eftermiddagen h\u00f6jer s\u00e5 S\u00e4po <a href=\"http:\/\/www.sakerhetspolisen.se\/ovrigt\/pressrum\/aktuellt\/aktuellt\/2015-11-18-beslut-om-hojning-av-hotnivan.html\">hotniv\u00e5n<\/a>\u00a0mot Sverige fr\u00e5n 3 till 4.<\/p>\n<p>Min torsdag f\u00f6rfl\u00f6t som planerat med utskottssammantr\u00e4de, inl\u00e4sning och f\u00f6rberedelse p\u00e5 tj\u00e4nsterummet och s\u00e5 pl\u00f6tsligt kom en flash med budskapet att statsministern skulle h\u00e5lla presskonferens med anledning av S\u00e4pos sk\u00e4rpning av hotniv\u00e5n dagen innan. Statsministern f\u00f6rutskickade h\u00e5rdare antiterrorlagar, hans budskap var att Sverige hade varit naivt i synen p\u00e5 extremismen. Men det ordet ville justitie- och integrationsminister Morgan Johansson inte ta i sin mun n\u00e4r han p\u00e5 torsdagskv\u00e4llen f\u00f6rel\u00e4ste f\u00f6r en namnkunnig juristkrets i Advokatsamfundets lokaler i samband med \u00e5rets\u00a0<a href=\"http:\/\/centrumforrattvisa.se\/nyheter\/midander-lonn-2015\/\">Midander-L\u00f6nnf\u00f6rel\u00e4sning<\/a>. Johansson menade att det finns en risk att man tar till f\u00f6r ingripande reformer om man f\u00f6rst d\u00f6mer ut sig sj\u00e4lv f\u00f6r att ha varit naiv. Samtidigt sl\u00e5r polisen till mot en misst\u00e4nkt terrorist p\u00e5 ett asylboende i Boliden.<\/p>\n<p><strong>Fredag. Det var i g\u00e5r.<\/strong> Redan ifr\u00e5gas\u00e4tts S\u00e4pos terrorbed\u00f6mning, kan man ha gjort ett j\u00e4ttelikt misstag? \u00c4r jag r\u00e4dd\/l\u00e4ttad? Nej, men minst lika vaksam.<\/p>\n<p>Denna l\u00f6rdag n\u00e5dens \u00e5r 2015 bjuder Frankrikes ambassad in stockholmarna till <a href=\"http:\/\/www.ambafrance-se.org\/ParisAttacks-Offentlig-samling-i-Kungstradgarden-pa-lordag\">offentlig samling<\/a>\u00a0p\u00e5 Gustav Adolfs torg. Om det inte vore f\u00f6r \u00e4r jag ska delta i ett <a href=\"http:\/\/abfstockholm.se\/event\/2015\/11\/min-oskuld-ar-inte-din-heder\/\">h\u00f6gniv\u00e5seminarium<\/a>\u00a0p\u00e5 ABF p\u00e5 temat <em>Min oskuld \u00e4r inte din heder<\/em>\u00a0skulle jag g\u00e5 dit. G\u00f6r det du i st\u00e4llet &#8211; och varf\u00f6r inte ta v\u00e4gen f\u00f6rbi ABF sen?<\/p>\n","protected":false},"excerpt":{"rendered":"<p>F\u00f6rra fredagen\u00a0var allt som vanligt. En \u00f6l p\u00e5 v\u00e4g hem fr\u00e5n kontoret, en skaplig tv-kv\u00e4ll varvat med ikappl\u00e4sning. Det var d\u00e5 helvetet \u00f6ppnade sig. \u00c4n en g\u00e5ng inom loppet av ett \u00e5r utsattes parisarna f\u00f6r d\u00f6dliga terrorattacker. Den fulla vidden av attentaten sj\u00f6nk in i mitt medvetande f\u00f6rst morgonen d\u00e4rp\u00e5 &#8211; n\u00e4r klockradion gick ig\u00e5ng.&hellip;<\/p>\n<p class=\"more-link-p\"><a class=\"more-link\" href=\"https:\/\/www.mariaabrahamsson.nu\/index.php\/2015\/11\/21\/nya-terrorveckor-vantar-men-vi-ar-inte-naiva\/\">Read more &rarr;<\/a><\/p>\n","protected":false},"author":2,"featured_media":0,"comment_status":"open","ping_status":"open","sticky":false,"template":"","format":"standard","meta":{"footnotes":""},"categories":[1],"tags":[264,267],"class_list":["post-11447","post","type-post","status-publish","format-standard","hentry","category-uncategorized","tag-politikerlivet","tag-terrorn"],"_links":{"self":[{"href":"https:\/\/www.mariaabrahamsson.nu\/index.php\/wp-json\/wp\/v2\/posts\/11447","targetHints":{"allow":["GET"]}}],"collection":[{"href":"https:\/\/www.mariaabrahamsson.nu\/index.php\/wp-json\/wp\/v2\/posts"}],"about":[{"href":"https:\/\/www.mariaabrahamsson.nu\/index.php\/wp-json\/wp\/v2\/types\/post"}],"author":[{"embeddable":true,"href":"https:\/\/www.mariaabrahamsson.nu\/index.php\/wp-json\/wp\/v2\/users\/2"}],"replies":[{"embeddable":true,"href":"https:\/\/www.mariaabrahamsson.nu\/index.php\/wp-json\/wp\/v2\/comments?post=11447"}],"version-history":[{"count":1,"href":"https:\/\/www.mariaabrahamsson.nu\/index.php\/wp-json\/wp\/v2\/posts\/11447\/revisions"}],"predecessor-version":[{"id":13601,"href":"https:\/\/www.mariaabrahamsson.nu\/index.php\/wp-json\/wp\/v2\/posts\/11447\/revisions\/13601"}],"wp:attachment":[{"href":"https:\/\/www.mariaabrahamsson.nu\/index.php\/wp-json\/wp\/v2\/media?parent=11447"}],"wp:term":[{"taxonomy":"category","embeddable":true,"href":"https:\/\/www.mariaabrahamsson.nu\/index.php\/wp-json\/wp\/v2\/categories?post=11447"},{"taxonomy":"post_tag","embeddable":true,"href":"https:\/\/www.mariaabrahamsson.nu\/index.php\/wp-json\/wp\/v2\/tags?post=11447"}],"curies":[{"name":"wp","href":"https:\/\/api.w.org\/{rel}","templated":true}]}}