{"id":11339,"date":"2015-09-06T17:57:12","date_gmt":"2015-09-06T15:57:12","guid":{"rendered":"http:\/\/www.mariaabrahamsson.nu\/?p=11339"},"modified":"2020-11-01T17:05:38","modified_gmt":"2020-11-01T16:05:38","slug":"extra-tusenlapp-kan-betyda-mycket-for-den-som-ar-pa-flykt","status":"publish","type":"post","link":"https:\/\/www.mariaabrahamsson.nu\/index.php\/2015\/09\/06\/extra-tusenlapp-kan-betyda-mycket-for-den-som-ar-pa-flykt\/","title":{"rendered":"Extra tusenlapp kan betyda mycket f\u00f6r den som \u00e4r p\u00e5 flykt"},"content":{"rendered":"<p><strong>Viljan att hj\u00e4lpa<\/strong> l\u00e4t inte v\u00e4nta p\u00e5 sig. Sedan alliansregeringen 2012 inf\u00f6rde m\u00f6jligheten att g\u00f6ra avdrag f\u00f6r g\u00e5vor (som l\u00e4mnats f\u00f6r att fr\u00e4mja social hj\u00e4lpverksamhet eller fr\u00e4mja vetenskaplig forskning) har personers och f\u00f6retags generositet <a href=\"http:\/\/www.dn.se\/ekonomi\/avdragen-for-gavor-till-valgorenhet-okar-kraftigt\/\">kraftigt\u00a0\u00f6kat <\/a>.<\/p>\n<p>Detta n\u00e5dens \u00e5r 2015 sveper en gigantisk v\u00e4lg\u00f6renhetsv\u00e5g \u00f6ver landet. S\u00e5 m\u00e5nga vill hj\u00e4lpa till och lindra n\u00f6den f\u00f6r m\u00e4nniskorna som \u00e4r p\u00e5 flykt i v\u00e5r omv\u00e4rld. Men f\u00e5r S\/MP-regeringen som den vill skrotas avdragsr\u00e4tten f\u00f6r g\u00e5vor vid \u00e5rsskiftet.\u00a0Regeringen r\u00e4knar med att statskassan d\u00e4rigenom tillf\u00f6rs 250 miljoner kronor per \u00e5r. M\u00e4nniskor ger f\u00f6r att de vill ge och kommer sk\u00e4nka pengar \u00e4nd\u00e5, argumenterar MP och S. Finansmarknadsminister Per Bolund i Ekots l\u00f6rdagsintervju <a href=\"http:\/\/sverigesradio.se\/sida\/avsnitt\/598153?programid=3071\">h\u00e4r<\/a>\u00a0(cirka 25:55 in i inslaget), Skatteutskottets vice ordf\u00f6rande Leif Jakobsson <a href=\"http:\/\/sverigesradio.se\/sida\/artikel.aspx?programid=83&amp;artikel=6248391\">h\u00e4r<\/a>.<\/p>\n<p><strong>Jag tror inte heller<\/strong> att dagens m\u00f6jlighet att g\u00f6ra g\u00e5voavdrag i deklarationen med 1 500 kronor per \u00e5r, \u00e4r avg\u00f6rande f\u00f6r den givmildhet som vi nu ser bland m\u00e4nniskor. Men jag \u00e4r inte beredd att som Bolund och Jakobsson g\u00f6r, reducera g\u00e5vogivarna till icke rationellt t\u00e4nkande individer och f\u00f6retag.<\/p>\n<p>F\u00f6r varf\u00f6r skulle de som av medm\u00e4nsklighet sk\u00e4nker till <a href=\"https:\/\/www.skatteverket.se\/download\/18.5a85666214dbad743ff13013\/1441367036619\/godkanda-+gavomottagare+20150703.pdf\">stiftelser,\u00a0ideella f\u00f6reningar,\u00a0trossamfund<\/a>\u00a0vara likgiltiga f\u00f6r m\u00f6jligheten att g\u00f6ra avdrag? Det \u00f6kade givandet tyder som sagt p\u00e5 <a href=\"http:\/\/www.dn.se\/ekonomi\/avdragen-for-gavor-till-valgorenhet-okar-kraftigt\/\">motsatsen<\/a>.\u00a0Den som annars skulle ha sk\u00e4nkt 3 000 kronor kanske \u00f6kar p\u00e5 till 4 000 med en avdragsm\u00f6jlighet \u2013 slutresultatet f\u00f6r hans eller hennes ekonomi blir ungef\u00e4r detsamma. Men f\u00f6r den som beh\u00f6ver hj\u00e4lp kan den extra tusenlappen betyda mycket, och det vet givaren.<\/p>\n<p><strong>Skatteeffekter p\u00e5verkar m\u00e4nniskors\u00a0<\/strong>attityder och beteenden. Det \u00e4r en sj\u00e4lvklarhet inte bara f\u00f6r mig &#8211; fr\u00e5ga\u00a0<a href=\"http:\/\/www.skatteverket.se\/omoss\/press\/pressmeddelanden\/riks\/2011\/2011\/rotochrutavdragetharskapatvitajobb.5.5fc8c94513259a4ba1d8000154.html?q=svarta+jobb+fusk\">Skatteverket<\/a>.<\/p>\n","protected":false},"excerpt":{"rendered":"<p>Viljan att hj\u00e4lpa l\u00e4t inte v\u00e4nta p\u00e5 sig. Sedan alliansregeringen 2012 inf\u00f6rde m\u00f6jligheten att g\u00f6ra avdrag f\u00f6r g\u00e5vor (som l\u00e4mnats f\u00f6r att fr\u00e4mja social hj\u00e4lpverksamhet eller fr\u00e4mja vetenskaplig forskning) har personers och f\u00f6retags generositet kraftigt\u00a0\u00f6kat . Detta n\u00e5dens \u00e5r 2015 sveper en gigantisk v\u00e4lg\u00f6renhetsv\u00e5g \u00f6ver landet. S\u00e5 m\u00e5nga vill hj\u00e4lpa till och lindra n\u00f6den f\u00f6r&hellip;<\/p>\n<p class=\"more-link-p\"><a class=\"more-link\" href=\"https:\/\/www.mariaabrahamsson.nu\/index.php\/2015\/09\/06\/extra-tusenlapp-kan-betyda-mycket-for-den-som-ar-pa-flykt\/\">Read more &rarr;<\/a><\/p>\n","protected":false},"author":2,"featured_media":0,"comment_status":"open","ping_status":"open","sticky":false,"template":"","format":"standard","meta":{"footnotes":""},"categories":[1],"tags":[271],"class_list":["post-11339","post","type-post","status-publish","format-standard","hentry","category-uncategorized","tag-skatt"],"_links":{"self":[{"href":"https:\/\/www.mariaabrahamsson.nu\/index.php\/wp-json\/wp\/v2\/posts\/11339","targetHints":{"allow":["GET"]}}],"collection":[{"href":"https:\/\/www.mariaabrahamsson.nu\/index.php\/wp-json\/wp\/v2\/posts"}],"about":[{"href":"https:\/\/www.mariaabrahamsson.nu\/index.php\/wp-json\/wp\/v2\/types\/post"}],"author":[{"embeddable":true,"href":"https:\/\/www.mariaabrahamsson.nu\/index.php\/wp-json\/wp\/v2\/users\/2"}],"replies":[{"embeddable":true,"href":"https:\/\/www.mariaabrahamsson.nu\/index.php\/wp-json\/wp\/v2\/comments?post=11339"}],"version-history":[{"count":1,"href":"https:\/\/www.mariaabrahamsson.nu\/index.php\/wp-json\/wp\/v2\/posts\/11339\/revisions"}],"predecessor-version":[{"id":13605,"href":"https:\/\/www.mariaabrahamsson.nu\/index.php\/wp-json\/wp\/v2\/posts\/11339\/revisions\/13605"}],"wp:attachment":[{"href":"https:\/\/www.mariaabrahamsson.nu\/index.php\/wp-json\/wp\/v2\/media?parent=11339"}],"wp:term":[{"taxonomy":"category","embeddable":true,"href":"https:\/\/www.mariaabrahamsson.nu\/index.php\/wp-json\/wp\/v2\/categories?post=11339"},{"taxonomy":"post_tag","embeddable":true,"href":"https:\/\/www.mariaabrahamsson.nu\/index.php\/wp-json\/wp\/v2\/tags?post=11339"}],"curies":[{"name":"wp","href":"https:\/\/api.w.org\/{rel}","templated":true}]}}