{"id":11292,"date":"2015-08-16T21:29:30","date_gmt":"2015-08-16T19:29:30","guid":{"rendered":"http:\/\/www.mariaabrahamsson.nu\/?p=11292"},"modified":"2015-08-16T21:43:37","modified_gmt":"2015-08-16T19:43:37","slug":"kvinnorna-ar-minst-viktiga-for-feministen-sjostedt","status":"publish","type":"post","link":"https:\/\/www.mariaabrahamsson.nu\/index.php\/2015\/08\/16\/kvinnorna-ar-minst-viktiga-for-feministen-sjostedt\/","title":{"rendered":"Kvinnorna \u00e4r minst viktiga f\u00f6r feministen Sj\u00f6stedt"},"content":{"rendered":"<p><strong>Jonas Sj\u00f6stedt<\/strong> har sommartalat. V\u00e4nsterledarens huvudbudskap \u00e4r att hans parti vill satsa 230 miljoner mer p\u00e5 unga vuxnas psykiska oh\u00e4lsa.<\/p>\n<p>Jag har ingen direkt uppfattningen om den satsningen, men konstaterar att det \u00e4r en satsning som Sj\u00f6stedt vill finansiera genom en <a href=\"http:\/\/sverigesradio.se\/sida\/artikel.aspx?programid=83&amp;artikel=6231767\">reducering av RUT-avdraget<\/a> fr\u00e5n 50 procent till 30. I klartext betyder det att RUT-hj\u00e4lp som tidigare har kostat 15 000 kronor per \u00e5r ska bli 6 000 kronor dyrare. Men inte bara det. Sj\u00f6stedt st\u00e4ller tv\u00e5 utsatta grupper mot varandra &#8211; unga m\u00e4nniskors psykiska oh\u00e4lsa st\u00e4lls mot kvinnor som har f\u00e5tt jobb och trygghet via RUT-reformen.<\/p>\n<p><strong>Med h\u00f6gt vibrato f\u00f6rkunnar Sj\u00f6stedt<\/strong>\u00a0att giriga borgarbrackor utnyttjar RUT f\u00f6r att k\u00f6pa &#8221;subventionerad&#8221; poolreng\u00f6ring och drinkblandande bartenders. Att det \u00e4r sj\u00e4lva arbetsuppgiften &#8211; reng\u00f6ringen oavsett av vad, och frukt- och gr\u00f6nsakshacket oavsett till vad &#8211; som \u00e4r motivet f\u00f6r RUT-avdraget l\u00e5tsas Sj\u00f6stedt inte k\u00e4nna till.<\/p>\n<p>V\u00e4nsterledaren och feministen Sj\u00f6stedt g\u00f6r sig i sammanhanget medvetet blind f\u00f6r n\u00e5got mycket v\u00e4sentligt: De riktigt stora vinnarna p\u00e5 Alliansregeringens RUT-reform \u00e4r kvinnor, inte s\u00e4llan med utl\u00e4ndsk bakgrund, som l\u00e4nge st\u00e5tt utanf\u00f6r den regulj\u00e4ra arbetsmarknaden men som genom RUT-reformen har f\u00e5tt vita jobb och d\u00e4rmed f\u00e5tt tillg\u00e5ng till de svenska trygghetssystemen. Hyggligt m\u00e5nga av dessa kvinnor har ocks\u00e5 tagit chansen att starta egna f\u00f6retag i RUT-branschen och d\u00e4rmed f\u00e5ngat m\u00f6jligheten att av egen kraft bygga en ekonomisk trygghet f\u00f6r sig sj\u00e4lva och sina familjer.<\/p>\n<p><strong>Det vill s\u00e4ga precis som <\/strong>m\u00e4n alltid har kunnat g\u00f6ra.<\/p>\n","protected":false},"excerpt":{"rendered":"<p>Jonas Sj\u00f6stedt har sommartalat. V\u00e4nsterledarens huvudbudskap \u00e4r att hans parti vill satsa 230 miljoner mer p\u00e5 unga vuxnas psykiska oh\u00e4lsa. Jag har ingen direkt uppfattningen om den satsningen, men konstaterar att det \u00e4r en satsning som Sj\u00f6stedt vill finansiera genom en reducering av RUT-avdraget fr\u00e5n 50 procent till 30. I klartext betyder det att RUT-hj\u00e4lp&hellip;<\/p>\n<p class=\"more-link-p\"><a class=\"more-link\" href=\"https:\/\/www.mariaabrahamsson.nu\/index.php\/2015\/08\/16\/kvinnorna-ar-minst-viktiga-for-feministen-sjostedt\/\">Read more &rarr;<\/a><\/p>\n","protected":false},"author":2,"featured_media":0,"comment_status":"open","ping_status":"open","sticky":false,"template":"","format":"standard","meta":{"footnotes":""},"categories":[1],"tags":[],"class_list":["post-11292","post","type-post","status-publish","format-standard","hentry","category-uncategorized"],"_links":{"self":[{"href":"https:\/\/www.mariaabrahamsson.nu\/index.php\/wp-json\/wp\/v2\/posts\/11292","targetHints":{"allow":["GET"]}}],"collection":[{"href":"https:\/\/www.mariaabrahamsson.nu\/index.php\/wp-json\/wp\/v2\/posts"}],"about":[{"href":"https:\/\/www.mariaabrahamsson.nu\/index.php\/wp-json\/wp\/v2\/types\/post"}],"author":[{"embeddable":true,"href":"https:\/\/www.mariaabrahamsson.nu\/index.php\/wp-json\/wp\/v2\/users\/2"}],"replies":[{"embeddable":true,"href":"https:\/\/www.mariaabrahamsson.nu\/index.php\/wp-json\/wp\/v2\/comments?post=11292"}],"version-history":[{"count":0,"href":"https:\/\/www.mariaabrahamsson.nu\/index.php\/wp-json\/wp\/v2\/posts\/11292\/revisions"}],"wp:attachment":[{"href":"https:\/\/www.mariaabrahamsson.nu\/index.php\/wp-json\/wp\/v2\/media?parent=11292"}],"wp:term":[{"taxonomy":"category","embeddable":true,"href":"https:\/\/www.mariaabrahamsson.nu\/index.php\/wp-json\/wp\/v2\/categories?post=11292"},{"taxonomy":"post_tag","embeddable":true,"href":"https:\/\/www.mariaabrahamsson.nu\/index.php\/wp-json\/wp\/v2\/tags?post=11292"}],"curies":[{"name":"wp","href":"https:\/\/api.w.org\/{rel}","templated":true}]}}