{"id":11262,"date":"2015-07-28T14:42:37","date_gmt":"2015-07-28T12:42:37","guid":{"rendered":"http:\/\/www.mariaabrahamsson.nu\/?p=11262"},"modified":"2015-07-28T17:06:37","modified_gmt":"2015-07-28T15:06:37","slug":"dags-att-aterinfora-interneringsstraffet","status":"publish","type":"post","link":"https:\/\/www.mariaabrahamsson.nu\/index.php\/2015\/07\/28\/dags-att-aterinfora-interneringsstraffet\/","title":{"rendered":"Oklokt att avskaffa interneringsstraffet"},"content":{"rendered":"<p><strong>Varningsflagg har hissats. <\/strong>Kriminalv\u00e5rden bed\u00f6mer att Niklas Lindgren &#8211; Hagamannan &#8211; har en p\u00e5taglig f\u00f6rh\u00f6jd risk att \u00e5terfalla i brott, s\u00e4rskilt i v\u00e5ldsbrott. \u00c4nd\u00e5 har myndigheten best\u00e4mt att Lindgren i dag ska friges villkorligt. Att d\u00f6ma av nyhetsrapporteringen skedde det i morse, n\u00e4stan fem \u00e5r innan han har hunnit avtj\u00e4nat sitt 14 \u00e5r l\u00e5nga f\u00e4ngelsestraff som han d\u00f6mdes till f\u00f6r mordf\u00f6rs\u00f6k, grov v\u00e5ldt\u00e4kt, v\u00e5ldt\u00e4kt och f\u00f6rs\u00f6k till v\u00e5ldt\u00e4kt. Lindgrens frigivning \u00e4r f\u00f6renad med restriktioner som \u00e5rsl\u00e5ng pr\u00f6votid, drogkontroller, behandlingskrav med mera.<\/p>\n<p>Men \u00e4nd\u00e5. Det \u00e4r en m\u00e4rklig ordning tycker jag, och kollar i lagboken.<\/p>\n<p><strong>Enligt <\/strong><a href=\"http:\/\/www.riksdagen.se\/sv\/Dokument-Lagar\/Lagar\/Svenskforfattningssamling\/Brottsbalk-1962700_sfs-1962-700\/#K26\">Brottsbalken <\/a>26 kap. 6 \u00a7 ska en f\u00e4ngelsed\u00f6md i normalfallet friges villkorligt n\u00e4r tv\u00e5 tredjedelar av strafftiden \u00e4r avtj\u00e4nad. Men om det finns\u00a0<em>synnerliga sk\u00e4l<\/em>\u00a0f\u00e5r den intagne inte friges i f\u00f6rtid utan ska sitta kvar i f\u00e4ngelset. Lagstiftaren har s\u00e4rskilt t\u00e4nkt p\u00e5 det fallet att den intagne har missk\u00f6tt sig under f\u00e4ngelsetiden. Men som lagtexten \u00e4r formulerad finns det faktiskt inget som hindrar att man i &#8221;synnerliga sk\u00e4l&#8221; tolkar in \u00e4ven en <em>h\u00f6g risk f\u00f6r \u00e5terfall i brott<\/em>. Fast enligt praxis g\u00f6rs inte detta och det \u00e4r d\u00e4rf\u00f6r som Lindgren, som har sk\u00f6tt sig v\u00e4l under strafftiden, nu kan f\u00f6rs\u00e4tta kvinnor i Ume\u00e5 och runt om i landet i skr\u00e4ck l\u00e5ngt innan han har avtj\u00e4nat sina 14 \u00e5r.<\/p>\n<p>Regeringen och vi lagstiftare i riksdagen b\u00f6r g\u00f6ra n\u00e5got \u00e5t saken. I fallet Niklas Lindgren \u00e4r det k\u00f6rt &#8211; statsmakterna \u00e4r f\u00f6rbjudna att l\u00e4gga sig i r\u00e4ttstill\u00e4mpningen i enskilda fall. Men det g\u00e5r att \u00e4ndra brottsbalken s\u00e5 att det av den direkt framg\u00e5r att ocks\u00e5 en h\u00f6g \u00e5terfallsrisk ska utg\u00f6ra hinder f\u00f6r villkorlig frigivning. Vill man g\u00e5 ett steg l\u00e4ngre i att tillgodose allm\u00e4nhetens ber\u00e4ttigade krav p\u00e5 r\u00e4ttstrygghet kan man \u00f6verv\u00e4ga att inf\u00f6ra ett tidsobest\u00e4mt f\u00e4ngelsestraff f\u00f6r vissa grova brottslingar &#8211; sexualf\u00f6rbrytare, mordbr\u00e4nnare, terrorister &#8211; d\u00e4r \u00e5terfall i brott kan drabba allm\u00e4nheten s\u00e4rskilt h\u00e5rt<\/p>\n<p><strong>I praktiken skulle detta betyda<\/strong> att man \u00e5terinf\u00f6r en variant av det gamla <a href=\"https:\/\/books.google.se\/books?id=5ptXxNzyjrcC&amp;pg=PA43&amp;lpg=PA43&amp;dq=interneringsstraffet&amp;source=bl&amp;ots=hRmFbhXVg3&amp;sig=bZ7egiMuDgYh3aYaOblsu5ceWgY&amp;hl=sv&amp;sa=X&amp;ved=0CDAQ6AEwA2oVChMInJCJ6en9xgIVzBcsCh0_dwvm#v=onepage&amp;q=interneringsstraffet&amp;f=false\">interneringsstraffet<\/a> som avskaffades i b\u00f6rjan av 1980-talet. F\u00f6r kanske var det inte s\u00e5 klokt av staten att avh\u00e4nda sig den vid sidan av livstidsstraffet <i>enda<\/i> m\u00f6jligheten att h\u00e5lla farliga f\u00f6rbrytare inl\u00e5sta s\u00e5 l\u00e4nge som de utg\u00f6r en uppenbar fara f\u00f6r andra m\u00e4nniskor?<\/p>\n","protected":false},"excerpt":{"rendered":"<p>Varningsflagg har hissats. Kriminalv\u00e5rden bed\u00f6mer att Niklas Lindgren &#8211; Hagamannan &#8211; har en p\u00e5taglig f\u00f6rh\u00f6jd risk att \u00e5terfalla i brott, s\u00e4rskilt i v\u00e5ldsbrott. \u00c4nd\u00e5 har myndigheten best\u00e4mt att Lindgren i dag ska friges villkorligt. Att d\u00f6ma av nyhetsrapporteringen skedde det i morse, n\u00e4stan fem \u00e5r innan han har hunnit avtj\u00e4nat sitt 14 \u00e5r l\u00e5nga f\u00e4ngelsestraff&hellip;<\/p>\n<p class=\"more-link-p\"><a class=\"more-link\" href=\"https:\/\/www.mariaabrahamsson.nu\/index.php\/2015\/07\/28\/dags-att-aterinfora-interneringsstraffet\/\">Read more &rarr;<\/a><\/p>\n","protected":false},"author":2,"featured_media":0,"comment_status":"open","ping_status":"open","sticky":false,"template":"","format":"standard","meta":{"footnotes":""},"categories":[1],"tags":[],"class_list":["post-11262","post","type-post","status-publish","format-standard","hentry","category-uncategorized"],"_links":{"self":[{"href":"https:\/\/www.mariaabrahamsson.nu\/index.php\/wp-json\/wp\/v2\/posts\/11262","targetHints":{"allow":["GET"]}}],"collection":[{"href":"https:\/\/www.mariaabrahamsson.nu\/index.php\/wp-json\/wp\/v2\/posts"}],"about":[{"href":"https:\/\/www.mariaabrahamsson.nu\/index.php\/wp-json\/wp\/v2\/types\/post"}],"author":[{"embeddable":true,"href":"https:\/\/www.mariaabrahamsson.nu\/index.php\/wp-json\/wp\/v2\/users\/2"}],"replies":[{"embeddable":true,"href":"https:\/\/www.mariaabrahamsson.nu\/index.php\/wp-json\/wp\/v2\/comments?post=11262"}],"version-history":[{"count":0,"href":"https:\/\/www.mariaabrahamsson.nu\/index.php\/wp-json\/wp\/v2\/posts\/11262\/revisions"}],"wp:attachment":[{"href":"https:\/\/www.mariaabrahamsson.nu\/index.php\/wp-json\/wp\/v2\/media?parent=11262"}],"wp:term":[{"taxonomy":"category","embeddable":true,"href":"https:\/\/www.mariaabrahamsson.nu\/index.php\/wp-json\/wp\/v2\/categories?post=11262"},{"taxonomy":"post_tag","embeddable":true,"href":"https:\/\/www.mariaabrahamsson.nu\/index.php\/wp-json\/wp\/v2\/tags?post=11262"}],"curies":[{"name":"wp","href":"https:\/\/api.w.org\/{rel}","templated":true}]}}