{"id":11121,"date":"2015-05-25T21:46:05","date_gmt":"2015-05-25T19:46:05","guid":{"rendered":"http:\/\/www.mariaabrahamsson.nu\/?p=11121"},"modified":"2020-11-01T17:21:46","modified_gmt":"2020-11-01T16:21:46","slug":"samordning-svaret-pa-is-och-tiggeri","status":"publish","type":"post","link":"https:\/\/www.mariaabrahamsson.nu\/index.php\/2015\/05\/25\/samordning-svaret-pa-is-och-tiggeri\/","title":{"rendered":"Samordning svaret p\u00e5 IS och tiggeri?"},"content":{"rendered":"<p><strong>Den av Alliansregeringen <\/strong>utn\u00e4mnda antiv\u00e5ldsextremistsamordnaren Mona Sahlin (s) var h\u00e4pnadsv\u00e4ckande slirig i g\u00e5rdagens <a href=\"http:\/\/www.svt.se\/nyheter\/inrikes\/lotta-edholm-det-ar-rent-flum\">SVT Agenda.<\/a>\u00a0Av anledning som jag inte begriper f\u00f6rsvarade Sahlin\u00a0Stockholms stads totals\u00e5gade\u00a0<a href=\"https:\/\/insynsverige.se\/documentHandler.ashx?did=1798005\">strategidokument<\/a> om hur hemv\u00e4ndande IS- m\u00f6rdare ska bem\u00f6tas. S\u00e5 i kv\u00e4ll\u00a0<a href=\"http:\/\/www.svt.se\/nyheter\/regionalt\/stockholm\/stockholm-ser-over-extremist-strategin\">backade\u00a0<\/a>klokt stadens finansborgarr\u00e5d Karin Wanng\u00e5rd (s)\u00a0fr\u00e5n\u00a0dokumentet och flaggar f\u00f6r att bjuda in Alliansen till n\u00e5gon form av uppg\u00f6relse.<\/p>\n<p><em>&#8211; Att Stockholm g\u00e5r f\u00f6re och nu arbetar fram en strategi mot v\u00e5ldsbejakande extremism \u00e4r viktigt f\u00f6r att komma till r\u00e4tta med ett v\u00e4xande samh\u00e4llsproblem. Denna strategi vinner p\u00e5 att fullm\u00e4ktiges partier i s\u00e5 bred enighet som m\u00f6jligt kan st\u00e5 bakom den. Majoriteten i stadshuset kommer nu att ta in synpunkter p\u00e5 Socialn\u00e4mndens f\u00f6rslag och arbeta f\u00f6r en bred f\u00f6rankring n\u00e4r strategin slutligen behandlas av fullm\u00e4ktige under h\u00f6sten\u201d, s\u00e4ger Wanng\u00e5rd.<\/em><\/p>\n<p><strong>L\u00e4ttare om hj\u00e4rtat<\/strong> blev jag ocks\u00e5 av <a href=\"http:\/\/sverigesradio.se\/sida\/artikel.aspx?programid=83&amp;artikel=6173328\">dagens besked<\/a> fr\u00e5n regeringens nationella tiggerisamordnare Martin Valfridsson (m).<\/p>\n<p><em>\u2013 Om du ska f\u00f6rbjuda tiggeri m\u00e5ste du antingen kriminalisera att be n\u00e5gon om hj\u00e4lp eller kriminalisera givandet. Jag tycker inte att det \u00e4r en bra l\u00f6sning, s\u00e4ger Valfridsson.<\/em><\/p>\n<p><strong>I debatten bollas hej<\/strong> vilt med krav p\u00e5 att kriminalisera s k organiserat tiggeri. Vad det straffv\u00e4rda organiserandet n\u00e4rmare best\u00e4mt best\u00e5r i \u00e4r oklart, men det hindrar inte att endera dagen hojtar S, andra dagen M och tredje dagen FP: F\u00f6rbjud organiserat tiggeri! S\u00e5 l\u00e4nge jag inte begriper vad detta stridsrop g\u00e5r ut p\u00e5 och hur det ska kunna implementeras i lagstiftningen, ser jag ingen anledning att ompr\u00f6va <a href=\"http:\/\/www.mariaabrahamsson.nu\/index.php\/2015\/04\/30\/moderaterna-om-tiggeriet-i-basta-fall-en-testballong\/\">min linje<\/a>.<\/p>\n<p>Men samordning \u00e4r bra? \u00d6verbevisa mig g\u00e4rna om det.<\/p>\n","protected":false},"excerpt":{"rendered":"<p>Den av Alliansregeringen utn\u00e4mnda antiv\u00e5ldsextremistsamordnaren Mona Sahlin (s) var h\u00e4pnadsv\u00e4ckande slirig i g\u00e5rdagens SVT Agenda.\u00a0Av anledning som jag inte begriper f\u00f6rsvarade Sahlin\u00a0Stockholms stads totals\u00e5gade\u00a0strategidokument om hur hemv\u00e4ndande IS- m\u00f6rdare ska bem\u00f6tas. S\u00e5 i kv\u00e4ll\u00a0backade\u00a0klokt stadens finansborgarr\u00e5d Karin Wanng\u00e5rd (s)\u00a0fr\u00e5n\u00a0dokumentet och flaggar f\u00f6r att bjuda in Alliansen till n\u00e5gon form av uppg\u00f6relse. &#8211; Att Stockholm g\u00e5r&hellip;<\/p>\n<p class=\"more-link-p\"><a class=\"more-link\" href=\"https:\/\/www.mariaabrahamsson.nu\/index.php\/2015\/05\/25\/samordning-svaret-pa-is-och-tiggeri\/\">Read more &rarr;<\/a><\/p>\n","protected":false},"author":2,"featured_media":0,"comment_status":"open","ping_status":"open","sticky":false,"template":"","format":"standard","meta":{"footnotes":""},"categories":[1],"tags":[233,273],"class_list":["post-11121","post","type-post","status-publish","format-standard","hentry","category-uncategorized","tag-sahlin","tag-tiggeriet"],"_links":{"self":[{"href":"https:\/\/www.mariaabrahamsson.nu\/index.php\/wp-json\/wp\/v2\/posts\/11121","targetHints":{"allow":["GET"]}}],"collection":[{"href":"https:\/\/www.mariaabrahamsson.nu\/index.php\/wp-json\/wp\/v2\/posts"}],"about":[{"href":"https:\/\/www.mariaabrahamsson.nu\/index.php\/wp-json\/wp\/v2\/types\/post"}],"author":[{"embeddable":true,"href":"https:\/\/www.mariaabrahamsson.nu\/index.php\/wp-json\/wp\/v2\/users\/2"}],"replies":[{"embeddable":true,"href":"https:\/\/www.mariaabrahamsson.nu\/index.php\/wp-json\/wp\/v2\/comments?post=11121"}],"version-history":[{"count":1,"href":"https:\/\/www.mariaabrahamsson.nu\/index.php\/wp-json\/wp\/v2\/posts\/11121\/revisions"}],"predecessor-version":[{"id":13611,"href":"https:\/\/www.mariaabrahamsson.nu\/index.php\/wp-json\/wp\/v2\/posts\/11121\/revisions\/13611"}],"wp:attachment":[{"href":"https:\/\/www.mariaabrahamsson.nu\/index.php\/wp-json\/wp\/v2\/media?parent=11121"}],"wp:term":[{"taxonomy":"category","embeddable":true,"href":"https:\/\/www.mariaabrahamsson.nu\/index.php\/wp-json\/wp\/v2\/categories?post=11121"},{"taxonomy":"post_tag","embeddable":true,"href":"https:\/\/www.mariaabrahamsson.nu\/index.php\/wp-json\/wp\/v2\/tags?post=11121"}],"curies":[{"name":"wp","href":"https:\/\/api.w.org\/{rel}","templated":true}]}}