{"id":11101,"date":"2015-05-03T16:15:44","date_gmt":"2015-05-03T14:15:44","guid":{"rendered":"http:\/\/www.mariaabrahamsson.nu\/?p=11101"},"modified":"2020-10-30T20:55:13","modified_gmt":"2020-10-30T19:55:13","slug":"johansson-tycker-fortfarande-att-lambertz-bor-avga","status":"publish","type":"post","link":"https:\/\/www.mariaabrahamsson.nu\/index.php\/2015\/05\/03\/johansson-tycker-fortfarande-att-lambertz-bor-avga\/","title":{"rendered":"Johansson tycker fortfarande att Lambertz b\u00f6r avg\u00e5?"},"content":{"rendered":"<p><strong>N\u00e4r jag bl\u00e4ddrar<\/strong> i G\u00f6ran Lambertz vid det h\u00e4r laget redan hett omdiskuterade &#8221;Quickologi&#8221; r\u00e5kar boken falla upp p\u00e5 sidan 416. D\u00e4r p\u00e5minner Lambertz l\u00e4saren av denna domstolsreferatt\u00e4ta tegelsten att d\u00e5varande ordf\u00f6randen i riksdagens justitieutskott Morgan Johansson tyckte att han borde avg\u00e5 fr\u00e5n sin post som justitier\u00e5d i H\u00f6gsta domstolen (<a href=\"http:\/\/www.aftonbladet.se\/nyheter\/article17928006.ab\">h\u00e4r<\/a> och <a href=\"http:\/\/sverigesradio.se\/sida\/artikel.aspx?programid=83&amp;artikel=5717649\">h\u00e4r<\/a>). Ja, dvs efter det att Lambertz gjort sig tolk f\u00f6r den falang som s\u00e4kert vet att de \u00e5tta f\u00e4llande morddomarna mot Thomas Quick inte var n\u00e5gon r\u00e4ttsskandal \u00e4ven om han senare beviljades resning och blev frik\u00e4nd i samtliga fall.<\/p>\n<p>Resten vet vi och min avsikt h\u00e4r \u00e4r inte att f\u00f6rl\u00e4nga debatten. D\u00e4remot konstaterar jag att domarnas oberoende gentemot riksdag och regering \u00e4r inskrivet i grundlagen (RF 11:7) och att domarnas oberoende \u00e4r en h\u00f6rnsten i varje demokratiskt r\u00e4ttssamh\u00e4lle. Ordinarie domare \u00e4r i princip oavs\u00e4ttliga just f\u00f6r att de frimodigt ska kunna d\u00f6ma efter lag och samvete utan att beh\u00f6va ta h\u00e4nsyn till eventuell kritik fr\u00e5n statsmakterna.<\/p>\n<p><strong>Morgan Johansson var inte<\/strong> justitieminister n\u00e4r han sa det, men v\u00e4l en stark kandidat till posten. Och f\u00f6r tillf\u00e4llet har Sverige allts\u00e5 en justitieminister som\u00a0offentligt har uttalat att en utpekad domare i H\u00f6gsta domstolen b\u00f6r avg\u00e5. Det \u00e4r onekligen en egendomlig situation.<\/p>\n","protected":false},"excerpt":{"rendered":"<p>N\u00e4r jag bl\u00e4ddrar i G\u00f6ran Lambertz vid det h\u00e4r laget redan hett omdiskuterade &#8221;Quickologi&#8221; r\u00e5kar boken falla upp p\u00e5 sidan 416. D\u00e4r p\u00e5minner Lambertz l\u00e4saren av denna domstolsreferatt\u00e4ta tegelsten att d\u00e5varande ordf\u00f6randen i riksdagens justitieutskott Morgan Johansson tyckte att han borde avg\u00e5 fr\u00e5n sin post som justitier\u00e5d i H\u00f6gsta domstolen (h\u00e4r och h\u00e4r). Ja, dvs&hellip;<\/p>\n<p class=\"more-link-p\"><a class=\"more-link\" href=\"https:\/\/www.mariaabrahamsson.nu\/index.php\/2015\/05\/03\/johansson-tycker-fortfarande-att-lambertz-bor-avga\/\">Read more &rarr;<\/a><\/p>\n","protected":false},"author":2,"featured_media":0,"comment_status":"open","ping_status":"open","sticky":false,"template":"","format":"standard","meta":{"footnotes":""},"categories":[1],"tags":[225],"class_list":["post-11101","post","type-post","status-publish","format-standard","hentry","category-uncategorized","tag-morgan"],"_links":{"self":[{"href":"https:\/\/www.mariaabrahamsson.nu\/index.php\/wp-json\/wp\/v2\/posts\/11101","targetHints":{"allow":["GET"]}}],"collection":[{"href":"https:\/\/www.mariaabrahamsson.nu\/index.php\/wp-json\/wp\/v2\/posts"}],"about":[{"href":"https:\/\/www.mariaabrahamsson.nu\/index.php\/wp-json\/wp\/v2\/types\/post"}],"author":[{"embeddable":true,"href":"https:\/\/www.mariaabrahamsson.nu\/index.php\/wp-json\/wp\/v2\/users\/2"}],"replies":[{"embeddable":true,"href":"https:\/\/www.mariaabrahamsson.nu\/index.php\/wp-json\/wp\/v2\/comments?post=11101"}],"version-history":[{"count":1,"href":"https:\/\/www.mariaabrahamsson.nu\/index.php\/wp-json\/wp\/v2\/posts\/11101\/revisions"}],"predecessor-version":[{"id":13496,"href":"https:\/\/www.mariaabrahamsson.nu\/index.php\/wp-json\/wp\/v2\/posts\/11101\/revisions\/13496"}],"wp:attachment":[{"href":"https:\/\/www.mariaabrahamsson.nu\/index.php\/wp-json\/wp\/v2\/media?parent=11101"}],"wp:term":[{"taxonomy":"category","embeddable":true,"href":"https:\/\/www.mariaabrahamsson.nu\/index.php\/wp-json\/wp\/v2\/categories?post=11101"},{"taxonomy":"post_tag","embeddable":true,"href":"https:\/\/www.mariaabrahamsson.nu\/index.php\/wp-json\/wp\/v2\/tags?post=11101"}],"curies":[{"name":"wp","href":"https:\/\/api.w.org\/{rel}","templated":true}]}}