{"id":10987,"date":"2015-02-24T18:26:45","date_gmt":"2015-02-24T17:26:45","guid":{"rendered":"http:\/\/www.mariaabrahamsson.nu\/?p=10987"},"modified":"2020-11-01T12:43:19","modified_gmt":"2020-11-01T11:43:19","slug":"offentlighetsprincipen-del-2-jo-lyssnar-pa-mig-och-ku-lyssnar-pa-jo","status":"publish","type":"post","link":"https:\/\/www.mariaabrahamsson.nu\/index.php\/2015\/02\/24\/offentlighetsprincipen-del-2-jo-lyssnar-pa-mig-och-ku-lyssnar-pa-jo\/","title":{"rendered":"Offentlighetsprincipen del 2 &#8211; JO lyssnar p\u00e5 mig och KU lyssnar p\u00e5 JO"},"content":{"rendered":"<p><strong>I juli i fjol bes\u00f6kte<\/strong> jag f\u00f6r\u00e4ldrarna i Kalmar d\u00e4r Barometern rapporterade att kommunen pl\u00e5gades av en person som beg\u00e4r ut handlingar en masse. N\u00e5got annat syfte \u00e4n att j\u00e4klas fanns inte, var min bed\u00f6mning. Men personen \u00e5stadkom sv\u00e5ra st\u00f6rningar i den kommunala verksamheten och dryga kostnader f\u00f6r Kalmars skattebetalare.<\/p>\n<p>Offentlighetsprincipen \u00e4r helig ocks\u00e5 f\u00f6r mig. Men som jag skrev\u00a0<a href=\"http:\/\/www.mariaabrahamsson.nu\/index.php\/2014\/07\/11\/den-som-bara-vill-jaklas-ska-inte-skyddas-av-offentlighetsprincipen\/\">h\u00e4r<\/a>, n\u00e4r principen som i Kalmarfallet missbrukas in absurdum k\u00e4nde jag mig som lagstiftare \u00f6vertygad om att det bara finns en sak att g\u00f6ra &#8211; att f\u00f6rse offentlighetsprincipen med en undantagsbest\u00e4mmelse som sl\u00e5r till vid uppenbara fall av missbruk.<\/p>\n<p><strong>Sedan kom h\u00f6sten och den<\/strong> allm\u00e4nna motionsperioden i Sveriges riksdag. Missbruket av offentlighetsprincipen hade jag inte gl\u00f6mt. Min motion om Kalmar kommuns desperata till\u00e4mpning av offentlighetsprincipen och JO:s efterf\u00f6ljande kritik mot kommunen, inklusive JO:s n\u00f6drop till lagstiftaren, kan ni l\u00e4sa <a href=\"https:\/\/www.riksdagen.se\/sv\/Dokument-Lagar\/Forslag\/Motioner\/Missbruk-av-offentlighetsprinc_H202128\/?text=true\">h\u00e4r<\/a>. En kanske mer l\u00e4ttillg\u00e4nglig variant av samma budskap i form av en debattartikel finns\u00a0<a href=\"http:\/\/www.expressen.se\/debatt\/stoppa-missbruket-av-offentlighetsprincipen\/\">h\u00e4r<\/a>.<\/p>\n<p>D\u00e4refter har jag f\u00e5tt ett antal signaler om att Kalmar l\u00e5ngt ifr\u00e5n \u00e4r den enda kommun som uts\u00e4tts f\u00f6r liknande trakasserier. Mediesverige v\u00e4grar som vanligt att inse problemet, men det g\u00f6r inte drabbade kommuner och myndigheter, dvs ytterst skattebetalarna. Regeringen b\u00f6r d\u00e4rf\u00f6r tills\u00e4tta en utredning om hur en best\u00e4mmelse om uppenbart missbruk av offentlighetsprincipen kan utformas, yrkade jag i min motion. Allt f\u00f6r att inte riskera respekten f\u00f6r den offentlighetsprincip som vi alla v\u00e4rnar.<\/p>\n<p><strong>Den 20 november var det<\/strong> s\u00e5 <a href=\"http:\/\/jo.se\">Justitieombudsmannens<\/a> tur att inf\u00f6r <a href=\"https:\/\/www.riksdagen.se\/sv\/Utskott-EU-namnd\/Konstitutionsutskottet\/Ledamoter\/\">Konstitutionsutskottet <\/a>redog\u00f6ra f\u00f6r sin\u00a0<a href=\"http:\/\/www.jo.se\/sv\/Om-JO\/Ambetsberattelser\/Ambetsberattelse-201415-uppdelad\/\">\u00e4mbetsber\u00e4ttelse<\/a>. Kalmarfallet f\u00f6ll utanf\u00f6r den granskade perioden, men JO Cecilia Renfors noterade min\u00a0<a href=\"https:\/\/www.riksdagen.se\/sv\/Dokument-Lagar\/Forslag\/Motioner\/Missbruk-av-offentlighetsprinc_H202128\/?text=true\">motion<\/a>, redogjorde\u00a0f\u00f6r fallet och lyfte problemet\u00a0med hur myndigheter\/kommuner ska hantera mycket frekventa och omfattande framst\u00e4llningar om att f\u00e5 ta del av allm\u00e4nna handlingar. Vi lagstiftare uppmanades &#8211; diplomatiskt &#8211; att &#8221;g\u00f6ra en avv\u00e4gning mellan de olika inblandade intressena&#8221;.<\/p>\n<p>H\u00e4rom veckan gjorde KU avv\u00e4gningen och landade i ett (enigt) tillk\u00e4nnagivande till regeringen med inneb\u00f6rden (obs! nu riksdagsprosa) <em>att l\u00e5ta utreda fr\u00e5gan om m\u00f6jliga \u00e5tg\u00e4rder f\u00f6r att, med bibeh\u00e5llen respekt f\u00f6r offentlighetsprincipen, m\u00f6ta de utmaningar som kan uppst\u00e5 vid mycket frekventa och omfattande framst\u00e4llningar att f\u00e5 ta del av allm\u00e4nna handlingar.\u00a0<\/em><\/p>\n<p><strong>Och som konstateras<\/strong> i bet\u00e4nkandet <a href=\"https:\/\/www.riksdagen.se\/sv\/Dokument-Lagar\/Utskottens-dokument\/Betankanden\/Justitieombudsmannens-ambetsbe_H201KU11\/?html=true\">KU11<\/a>\u00a0under rubriken <em>Utskottets st\u00e4llningstagande<\/em> har &#8221;fr\u00e5gan\u00a0om missbruk av offentlighetsprincipen v\u00e4ckts i en motion\u00a0som kommer att behandlas av riksdagen senare i v\u00e5r&#8221;.<\/p>\n<p>Med hj\u00e4lp av dessa spr\u00e5kliga krumbukter slapp KU att formellt bifalla min motion. Men i sak har jag f\u00e5tt geh\u00f6r. S\u00e5 missa f\u00f6r all del inte riksdagsdebatten den 5 mars!<\/p>\n","protected":false},"excerpt":{"rendered":"<p>I juli i fjol bes\u00f6kte jag f\u00f6r\u00e4ldrarna i Kalmar d\u00e4r Barometern rapporterade att kommunen pl\u00e5gades av en person som beg\u00e4r ut handlingar en masse. N\u00e5got annat syfte \u00e4n att j\u00e4klas fanns inte, var min bed\u00f6mning. Men personen \u00e5stadkom sv\u00e5ra st\u00f6rningar i den kommunala verksamheten och dryga kostnader f\u00f6r Kalmars skattebetalare. Offentlighetsprincipen \u00e4r helig ocks\u00e5 f\u00f6r&hellip;<\/p>\n<p class=\"more-link-p\"><a class=\"more-link\" href=\"https:\/\/www.mariaabrahamsson.nu\/index.php\/2015\/02\/24\/offentlighetsprincipen-del-2-jo-lyssnar-pa-mig-och-ku-lyssnar-pa-jo\/\">Read more &rarr;<\/a><\/p>\n","protected":false},"author":2,"featured_media":0,"comment_status":"open","ping_status":"open","sticky":false,"template":"","format":"standard","meta":{"footnotes":""},"categories":[1],"tags":[249],"class_list":["post-10987","post","type-post","status-publish","format-standard","hentry","category-uncategorized","tag-ku"],"_links":{"self":[{"href":"https:\/\/www.mariaabrahamsson.nu\/index.php\/wp-json\/wp\/v2\/posts\/10987","targetHints":{"allow":["GET"]}}],"collection":[{"href":"https:\/\/www.mariaabrahamsson.nu\/index.php\/wp-json\/wp\/v2\/posts"}],"about":[{"href":"https:\/\/www.mariaabrahamsson.nu\/index.php\/wp-json\/wp\/v2\/types\/post"}],"author":[{"embeddable":true,"href":"https:\/\/www.mariaabrahamsson.nu\/index.php\/wp-json\/wp\/v2\/users\/2"}],"replies":[{"embeddable":true,"href":"https:\/\/www.mariaabrahamsson.nu\/index.php\/wp-json\/wp\/v2\/comments?post=10987"}],"version-history":[{"count":1,"href":"https:\/\/www.mariaabrahamsson.nu\/index.php\/wp-json\/wp\/v2\/posts\/10987\/revisions"}],"predecessor-version":[{"id":13591,"href":"https:\/\/www.mariaabrahamsson.nu\/index.php\/wp-json\/wp\/v2\/posts\/10987\/revisions\/13591"}],"wp:attachment":[{"href":"https:\/\/www.mariaabrahamsson.nu\/index.php\/wp-json\/wp\/v2\/media?parent=10987"}],"wp:term":[{"taxonomy":"category","embeddable":true,"href":"https:\/\/www.mariaabrahamsson.nu\/index.php\/wp-json\/wp\/v2\/categories?post=10987"},{"taxonomy":"post_tag","embeddable":true,"href":"https:\/\/www.mariaabrahamsson.nu\/index.php\/wp-json\/wp\/v2\/tags?post=10987"}],"curies":[{"name":"wp","href":"https:\/\/api.w.org\/{rel}","templated":true}]}}