{"id":10973,"date":"2015-02-16T18:20:31","date_gmt":"2015-02-16T17:20:31","guid":{"rendered":"http:\/\/www.mariaabrahamsson.nu\/?p=10973"},"modified":"2020-11-01T17:36:19","modified_gmt":"2020-11-01T16:36:19","slug":"en-mandag-i-riksdagsledamotens-liv","status":"publish","type":"post","link":"https:\/\/www.mariaabrahamsson.nu\/index.php\/2015\/02\/16\/en-mandag-i-riksdagsledamotens-liv\/","title":{"rendered":"En r\u00e4tt ovanlig m\u00e5ndag i riksdagsledamotens liv"},"content":{"rendered":"<p><strong>En m\u00e5ndag i riksdagsledamotens<\/strong> liv fylls f\u00f6r det mesta av valkretsaktiviteter av olika slag. Men \u00e4r man d\u00e4ckad av en h\u00f6geffektiv influensa skriver man hellre en debattartikel i aktuellt \u00e4mne som jag hoppas ni f\u00e5r l\u00e4sa i <a href=\"http:\/\/www.metro.se\">Metro<\/a>\u00a0p\u00e5\u00a0torsdag. Om &#8211; Gud f\u00f6rbjude &#8211; inget v\u00e4rre \u00e4n K\u00f6penhamn kommer emellan.<\/p>\n<p>I en lucka mellan dagens avklingande nys- och hostattacker blev jag intervjuad av lagom aggressiv manlig reporter p\u00e5 Dagens Industri ang\u00e5ende storleken p\u00e5 riksdagsledam\u00f6ternas arvoden. Men \u00e4r man konfliktor\u00e4dd (som jag) ser man inga st\u00f6rre problem med att riksdagsarvodet uppg\u00e5r till 61 000 kronor. Som jag f\u00f6rklarade <a href=\"https:\/\/www.riksdagen.se\/sv\/Debatter--beslut\/Debatter-och-beslut-om-forslag\/Arendedebatter\/?did=H201KU6#\/pos=695\">h\u00e4r<\/a>\u00a0&#8211;\u00a0jag \u00e4r v\u00e4rd det! Men som sagt, morgondagens DI kan s\u00e4kert bli svettig l\u00e4sning &#8211; f\u00f6r den egna pressavdelningen. (Fast jag har s\u00e5 klart f\u00f6rvarnat, s\u00e5 lydig \u00e4r man numera.)<\/p>\n<p><strong>M\u00e5ndagar \u00e4r ocks\u00e5\u00a0<\/strong>lika med att pl\u00f6ja handlingar inf\u00f6r n\u00e4sta dags sammantr\u00e4de i Konstitutionsutskottet. S\u00e4rskilt mycket l\u00e4sning \u00e4r det nu d\u00e5 KU \u00e4r inne i granskningsfasen av regeringen och statsr\u00e5den. Med detta sagt &#8211; str\u00e4ng sekretess r\u00e5der tills vidare.<\/p>\n<p>Till sist vill jag g\u00e4rna puffa f\u00f6r <a href=\"http:\/\/www.olleabrahamsson.se\">en nyspunnen blogg<\/a>. Efter drygt 40 \u00e5r i rikets tj\u00e4nst till\u00e5ter sig \u00e4lskade maken att r\u00e4tt frispr\u00e5kigt dilla om ditten och datten. Inte minst ger han sin syn p\u00e5 regeringen Perssons utn\u00e4mningspolitik, under fliken <a href=\"http:\/\/www.olleabrahamsson.se\/?page_id=407\">levnadsbeskrivning<\/a>\u00a0(1998-2013).\u00a0Den politiken har p\u00e5verkat \u00e4ven mitt liv.<\/p>\n","protected":false},"excerpt":{"rendered":"<p>En m\u00e5ndag i riksdagsledamotens liv fylls f\u00f6r det mesta av valkretsaktiviteter av olika slag. Men \u00e4r man d\u00e4ckad av en h\u00f6geffektiv influensa skriver man hellre en debattartikel i aktuellt \u00e4mne som jag hoppas ni f\u00e5r l\u00e4sa i Metro\u00a0p\u00e5\u00a0torsdag. Om &#8211; Gud f\u00f6rbjude &#8211; inget v\u00e4rre \u00e4n K\u00f6penhamn kommer emellan. I en lucka mellan dagens avklingande&hellip;<\/p>\n<p class=\"more-link-p\"><a class=\"more-link\" href=\"https:\/\/www.mariaabrahamsson.nu\/index.php\/2015\/02\/16\/en-mandag-i-riksdagsledamotens-liv\/\">Read more &rarr;<\/a><\/p>\n","protected":false},"author":2,"featured_media":0,"comment_status":"open","ping_status":"open","sticky":false,"template":"","format":"standard","meta":{"footnotes":""},"categories":[1],"tags":[264],"class_list":["post-10973","post","type-post","status-publish","format-standard","hentry","category-uncategorized","tag-politikerlivet"],"_links":{"self":[{"href":"https:\/\/www.mariaabrahamsson.nu\/index.php\/wp-json\/wp\/v2\/posts\/10973","targetHints":{"allow":["GET"]}}],"collection":[{"href":"https:\/\/www.mariaabrahamsson.nu\/index.php\/wp-json\/wp\/v2\/posts"}],"about":[{"href":"https:\/\/www.mariaabrahamsson.nu\/index.php\/wp-json\/wp\/v2\/types\/post"}],"author":[{"embeddable":true,"href":"https:\/\/www.mariaabrahamsson.nu\/index.php\/wp-json\/wp\/v2\/users\/2"}],"replies":[{"embeddable":true,"href":"https:\/\/www.mariaabrahamsson.nu\/index.php\/wp-json\/wp\/v2\/comments?post=10973"}],"version-history":[{"count":1,"href":"https:\/\/www.mariaabrahamsson.nu\/index.php\/wp-json\/wp\/v2\/posts\/10973\/revisions"}],"predecessor-version":[{"id":13593,"href":"https:\/\/www.mariaabrahamsson.nu\/index.php\/wp-json\/wp\/v2\/posts\/10973\/revisions\/13593"}],"wp:attachment":[{"href":"https:\/\/www.mariaabrahamsson.nu\/index.php\/wp-json\/wp\/v2\/media?parent=10973"}],"wp:term":[{"taxonomy":"category","embeddable":true,"href":"https:\/\/www.mariaabrahamsson.nu\/index.php\/wp-json\/wp\/v2\/categories?post=10973"},{"taxonomy":"post_tag","embeddable":true,"href":"https:\/\/www.mariaabrahamsson.nu\/index.php\/wp-json\/wp\/v2\/tags?post=10973"}],"curies":[{"name":"wp","href":"https:\/\/api.w.org\/{rel}","templated":true}]}}