{"id":10960,"date":"2015-02-07T16:57:27","date_gmt":"2015-02-07T15:57:27","guid":{"rendered":"http:\/\/www.mariaabrahamsson.nu\/?p=10960"},"modified":"2020-11-01T17:40:17","modified_gmt":"2020-11-01T16:40:17","slug":"censur-av-skolbocker-enda-profilfragan-som-mp-har-kvar","status":"publish","type":"post","link":"https:\/\/www.mariaabrahamsson.nu\/index.php\/2015\/02\/07\/censur-av-skolbocker-enda-profilfragan-som-mp-har-kvar\/","title":{"rendered":"Censur av skolb\u00f6cker enda profilfr\u00e5gan som MP har kvar?"},"content":{"rendered":"<p><strong>F\u00f6r den som lyssnade<\/strong> p\u00e5 torsdagens fr\u00e5gestund i riksdagen var det uppenbart att Gustav Fridolin och MP har f\u00f6rlorat slaget om att st\u00e4nga minst tv\u00e5 k\u00e4rnkrafktsreaktorer under mandatperioden, som partiets l\u00f6fte l\u00f6d i\u00a0<a href=\"http:\/\/www.mp.se\/sites\/default\/files\/valmanifest_uppdaterad.pdf\">valmanifestet\u00a0<\/a>(sid 4 p 2). Min partisyster <a href=\"http:\/\/www.riksdagen.se\/sv\/ledamoter-partier\/Hitta-ledamot\/Ledamoter\/Tenfjord-Toftby-Cecilie-010343930918\/\">Cecilie Tenfjord-Toftby<\/a> vred om kniven n\u00e4r hon konfronterade Fridolin med energiminister Ibrahim Baylans <a href=\"http:\/\/www.sydsvenskan.se\/sverige\/karnkraft-kvar-i-manga-ar\/\">besked<\/a>\u00a0att n\u00e5got politiskt beslut att avveckla k\u00e4rnkraft inte kommer de n\u00e4rmaste \u00e5ren och att k\u00e4rnkraften kommer producera el till 2045. P\u00e5 den konkreta fr\u00e5gan om Fridolin kunde tydligg\u00f6ra regeringens inst\u00e4llning till k\u00e4rnkraftens framtid, svarade Fridolin att det kunde han absolut. Varp\u00e5 en flodv\u00e5g av ord f\u00f6ljde men absolut noll besked. (Se g\u00e4rna replikskiftet <a href=\"https:\/\/www.riksdagen.se\/sv\/Debatter--beslut\/Fragestunder\/Fragestund8\/?did=H2C120150205fs\">h\u00e4r<\/a>).<\/p>\n<p>Integriteten \u00e4r en annan profilfr\u00e5ga som MP har tappat. EU-n\u00e4mndens ordf\u00f6rande Carl Schlyter (MP) kan dundra b\u00e4sta han vill om <a href=\"http:\/\/www.dn.se\/nyheter\/sverige\/politisk-strid-om-kartlaggning-av-terrorresor-1\/\">h\u00f6stackar och n\u00e5lar<\/a>. Efter terrord\u00e5den i Paris och den fasansfulla v\u00e5ldsut\u00f6vning som bedrivs av IS med rekryteringsbas ocks\u00e5 i Sverige kommer varken regeringen eller riksdagen att mots\u00e4tta sig sk\u00e4rpta regler f\u00f6r att motverka terrorresor. Visst b\u00f6r vi sl\u00e5 vakt om integritetsskyddet men d\u00e5 g\u00e4ller det ocks\u00e5 att ha sinne f\u00f6r proportioner. MP springer p\u00e5 alla bollar, och det straffar sig i l\u00e4ngden.<\/p>\n<p><strong>En tredje motg\u00e5ng f\u00f6r MP<\/strong>\u00a0\u00e4r att partiet har tappat t\u00e4tpositionen i flyktingpolitiken. Allianspartierna analyserar nu p\u00e5 var sina h\u00e5ll vad som m\u00e5ste g\u00f6ras f\u00f6r att b\u00e4ttre integrera nyanl\u00e4nda framf\u00f6r allt genom m\u00f6jlighet till arbete. I detta brett p\u00e5g\u00e5ende utvecklingsarbete \u00e4r MP:s missriktade och f\u00f6r m\u00e5nga v\u00e4ljare provocerande v\u00e4lvilja inte l\u00e4ngre blint styrande.<\/p>\n<p>Men p\u00e5 en front kan \u00e4nd\u00e5 MP g\u00e5r segrande ur striden. Det g\u00e4ller v\u00e5ra barns skolb\u00f6cker. Efter att ha blivit uppm\u00e4rksammad p\u00e5 att det fortfarande produceras historieb\u00f6cker d\u00e4r det f\u00f6rekommer fler m\u00e4n \u00e4n kvinnor kallade i veckan utbildningsminister Gustav Fridolin till sig l\u00e4romedelf\u00f6retagens branschorganisationer. Enligt ministern utf\u00f6ll m\u00f6tet v\u00e4l. I DN\u00a0ber\u00e4ttar Fridolin att det finns en gemensam bild av att oj\u00e4mst\u00e4lldheten \u00e4r en utmaning och att det finns en \u00f6nskan att p\u00e5 allvar ta tag i fr\u00e5gan.<\/p>\n<p><strong>Hur d\u00e5, undrar kanske n\u00e5gon<\/strong>. F\u00f6rhandsgranskning, dvs censur, kan v\u00e4l inte vara ett alternativ i ett land d\u00e4r vi h\u00e5ller yttrandefriheten h\u00f6gt och genast ansl\u00f6t oss till det\u00a0n\u00e4rmast v\u00e4rldsomsp\u00e4nnande f\u00f6rd\u00f6mandet av terrord\u00e5den mot satirtidningen Charlie Hebdo&#8217;s omdebatterade publiceringar av Mohammed?<\/p>\n<p>Men jod\u00e5, utrikesminister Fridolin vet att ber\u00e4tta hur l\u00e4rob\u00f6ckers inneh\u00e5ll ska korrigeras i enlighet med hans\/regeringens \u00f6nskningar: &#8221;myndigheterna ska vara mer delaktiga i kontrollen och utvecklingen av l\u00e4romedel&#8221;. Jo, ni l\u00e4ste <a href=\"http:\/\/www.dn.se\/nyheter\/sverige\/battre-kontroll-av-skolbocker\/\">r\u00e4tt<\/a>\u00a0(6:e stycket fr\u00e5n slutet).<\/p>\n<p><strong>Vad Fridolin vill \u00e5stadkomma<\/strong> b\u00e4r helt och fullt den totalit\u00e4ra statens signum. Det finns s\u00e4kert n\u00e5gon historiskt kunnig person i utbildningsministerns n\u00e4rhet som kan upplysa honom om den saken.<\/p>\n","protected":false},"excerpt":{"rendered":"<p>F\u00f6r den som lyssnade p\u00e5 torsdagens fr\u00e5gestund i riksdagen var det uppenbart att Gustav Fridolin och MP har f\u00f6rlorat slaget om att st\u00e4nga minst tv\u00e5 k\u00e4rnkrafktsreaktorer under mandatperioden, som partiets l\u00f6fte l\u00f6d i\u00a0valmanifestet\u00a0(sid 4 p 2). Min partisyster Cecilie Tenfjord-Toftby vred om kniven n\u00e4r hon konfronterade Fridolin med energiminister Ibrahim Baylans besked\u00a0att n\u00e5got politiskt beslut&hellip;<\/p>\n<p class=\"more-link-p\"><a class=\"more-link\" href=\"https:\/\/www.mariaabrahamsson.nu\/index.php\/2015\/02\/07\/censur-av-skolbocker-enda-profilfragan-som-mp-har-kvar\/\">Read more &rarr;<\/a><\/p>\n","protected":false},"author":2,"featured_media":0,"comment_status":"open","ping_status":"open","sticky":false,"template":"","format":"standard","meta":{"footnotes":""},"categories":[1],"tags":[259],"class_list":["post-10960","post","type-post","status-publish","format-standard","hentry","category-uncategorized","tag-mp"],"_links":{"self":[{"href":"https:\/\/www.mariaabrahamsson.nu\/index.php\/wp-json\/wp\/v2\/posts\/10960","targetHints":{"allow":["GET"]}}],"collection":[{"href":"https:\/\/www.mariaabrahamsson.nu\/index.php\/wp-json\/wp\/v2\/posts"}],"about":[{"href":"https:\/\/www.mariaabrahamsson.nu\/index.php\/wp-json\/wp\/v2\/types\/post"}],"author":[{"embeddable":true,"href":"https:\/\/www.mariaabrahamsson.nu\/index.php\/wp-json\/wp\/v2\/users\/2"}],"replies":[{"embeddable":true,"href":"https:\/\/www.mariaabrahamsson.nu\/index.php\/wp-json\/wp\/v2\/comments?post=10960"}],"version-history":[{"count":1,"href":"https:\/\/www.mariaabrahamsson.nu\/index.php\/wp-json\/wp\/v2\/posts\/10960\/revisions"}],"predecessor-version":[{"id":13622,"href":"https:\/\/www.mariaabrahamsson.nu\/index.php\/wp-json\/wp\/v2\/posts\/10960\/revisions\/13622"}],"wp:attachment":[{"href":"https:\/\/www.mariaabrahamsson.nu\/index.php\/wp-json\/wp\/v2\/media?parent=10960"}],"wp:term":[{"taxonomy":"category","embeddable":true,"href":"https:\/\/www.mariaabrahamsson.nu\/index.php\/wp-json\/wp\/v2\/categories?post=10960"},{"taxonomy":"post_tag","embeddable":true,"href":"https:\/\/www.mariaabrahamsson.nu\/index.php\/wp-json\/wp\/v2\/tags?post=10960"}],"curies":[{"name":"wp","href":"https:\/\/api.w.org\/{rel}","templated":true}]}}