{"id":10948,"date":"2015-02-01T19:24:39","date_gmt":"2015-02-01T18:24:39","guid":{"rendered":"http:\/\/www.mariaabrahamsson.nu\/?p=10948"},"modified":"2020-10-30T20:57:06","modified_gmt":"2020-10-30T19:57:06","slug":"later-sa-men-lofven-soker-val-anda-inte-konflikt-om-barns-basta","status":"publish","type":"post","link":"https:\/\/www.mariaabrahamsson.nu\/index.php\/2015\/02\/01\/later-sa-men-lofven-soker-val-anda-inte-konflikt-om-barns-basta\/","title":{"rendered":"L\u00e5ter s\u00e5, men L\u00f6fven s\u00f6ker v\u00e4l inte konflikt om barns b\u00e4sta?"},"content":{"rendered":"<p><strong>Det \u00e4r sant att Sverige<\/strong> rakt av inkorporerade Europakonventionen ang\u00e5ende skydd f\u00f6r de m\u00e4nskliga r\u00e4ttigheterna och de grundl\u00e4ggande friheterna i svenskt r\u00e4tt, utan att f\u00f6rst g\u00f6ra om konventionens artiklar till mer begriplig och l\u00e4ttolkad svensk lag. Det skedde 1995 och \u00e4r det hittills enda exemplet p\u00e5 att en internationell konvention tagit steget direkt in i den svenska lagboken. Men s\u00e5 hade ocks\u00e5 Europakonventionen en auktoritativ uttolkare i Europadomstolen, som under l\u00e5ng tid har skapat en utf\u00f6rlig praxis till ledning f\u00f6r myndigheter och domstolar i konventionsstaterna. Inget av detta finns n\u00e4r det g\u00e4ller <a href=\"https:\/\/unicef.se\/barnkonventionen\">FN:s barnkonvention<\/a>.<\/p>\n<p>S\u00e5 det var inte utan att mina \u00f6ron spetsades i torsdags n\u00e4r socialdemokraten Agneta Gille fick st\u00e4lla en fr\u00e5ga till statsministern vid riksdagens <a href=\"https:\/\/www.riksdagen.se\/sv\/Debatter--beslut\/Fragestunder\/Fragestund8\/?did=H2C120150129sf\">fr\u00e5gestund<\/a>.\u00a0Gille p\u00e5minde sin partiledare om att han i regeringsf\u00f6rklaringen sagt\u00a0att regeringen ska p\u00e5b\u00f6rja arbetet med att g\u00f6ra FN:s barnkonventionen till svensk lag. Gilles <a href=\"https:\/\/www.riksdagen.se\/sv\/Debatter--beslut\/Fragestunder\/Fragestund8\/?did=H2C120150129sf#\/pos=2005\">fr\u00e5ga\u00a0<\/a>l\u00f6d\u00a0(h\u00e4r nedbantad version). Hur s\u00e4kerst\u00e4ller vi att Sverige redan nu lever upp till barnkonventionen?<\/p>\n<p><strong>I\u00a0morgon blir jag intervjuad<\/strong>\u00a0av gymnasister om just barnkonventionen och undertonen \u00e4r v\u00e4l ungef\u00e4r hur det kommer sig att moderaterna inte vill inkorporera konventionen i svensk lag. Bryr sig moderaterna inte om barnens b\u00e4sta?<\/p>\n<p>L\u00f6fvens svar i torsdags i kammaren, citerat ur <a href=\"https:\/\/www.riksdagen.se\/sv\/Dokument-Lagar\/Kammaren\/Protokoll\/Snabbprotokoll-20141553-Tors_H20953\/\">riksdagsprotokollet<\/a>\u00a0(anf. 33): Detta \u00e4r en av de viktigaste fr\u00e5gor vi sysslar med. Det handlar om v\u00e5r framtid \u2026 Vi har sagt att barnkonventionen ska implementeras i svensk lagstiftning \u2026 Sj\u00e4lvfallet ska man se till att uppfylla barnkonventionen redan under tiden som den implementeras i svensk lagstiftning.<\/p>\n<p>Och vad betyder det, funderar jag. F\u00f6r visst vore det bra att ha ett hum om detta inte minst inf\u00f6r morgondagens intervju?!<\/p>\n<p><strong>Jag rekapitulerar.<\/strong> Sverige var bland de l\u00e4nder som f\u00f6rst godk\u00e4nde FN:s barnkonvention. Till och fr\u00e5n flammar debatten upp om Sverige &#8211; precis som med Europakonventionen &#8211; borde inkorporera barnkonventionen och d\u00e4rmed g\u00f6ra den direkt till\u00e4mplig i v\u00e5ra domstolar och myndigheter. Det skulle ju g\u00e5 mycket fortare \u00e4n att f\u00f6rst anpassa den till svensk lagstiftningsteknik (implementering)?<\/p>\n<p>Till skillnad fr\u00e5n dem som v\u00e4rnar om traditionell svensk lagstiftningsteknik tycker inkorporeringsivrarna att det \u00e4r on\u00f6digt att f\u00f6rst analysera f\u00f6r- och nackdelar med att g\u00f6ra barnkonventionen direkt till\u00e4mplig. Och d\u00e5 talar vi allts\u00e5 inte om att analysera vilka som helst f\u00f6r- och nackdelar utan om lagstiftningsmetodernas olika juridiska m\u00f6jligheter att effektivt s\u00e4kra barns skydd och r\u00e4ttigheter.<\/p>\n<p><strong>Inf\u00f6r morgondagens intervju<\/strong> har jag &#8221;tittat&#8221; n\u00e4rmare p\u00e5 saken och kommit fram till att ingen vet om en inkorporering av barnkonventionen skulle ge b\u00e4ttre skydd f\u00f6r barn i Sverige j\u00e4mf\u00f6rt med i dag.<\/p>\n<p>F\u00f6r att f\u00e5 klarhet i den saken tillsatte alliansregeringen i mars 2013 en utredning med uppgift att analysera f\u00f6r- och nackdelar med att inkorporera barnkonventionen i svensk r\u00e4tt. Utredningen ska n\u00e4sta m\u00e5nad redovisa sina slutsatser och eventuella f\u00f6rslag. Som man kan l\u00e4sa sig till i <a href=\"http:\/\/www.regeringen.se\/content\/1\/c6\/21\/36\/36\/ab67b122.pdf\">direktiven<\/a>\u00a0gjorde tidigare s-regeringar just\u00a0ingenting \u00e5t saken. Fr\u00e5n 1996 och fram\u00e5t l\u00e4t man sig helt sonika n\u00f6jas &#8211; och det p\u00e5 sannolikt goda grunder &#8211; med konstaterandet att svensk r\u00e4tt med r\u00e5ge lever upp till barnkonventionen.<\/p>\n<p><strong>Men nu \u00e4r det nytt<\/strong> politiskt l\u00e4ge. L\u00f6fvens s\u00e5 kallade samarbetsregering s\u00f6ker febrilt konfliktytor och vill efter h\u00f6stens regeringsf\u00f6rklaring profilera sig som barnens b\u00e4sta v\u00e4n och beskyddare. D\u00e4rf\u00f6r hojtar man om inkorporering av barnkonventionen trots att man inte vet ett skvatt om det skulle st\u00e4rka barns r\u00e4tt eller inte.<\/p>\n<p>Ett ljus i m\u00f6rkret f\u00f6r barn som riskerar att offras p\u00e5 signalpolitikens altare \u00e4r att Stefan L\u00f6fven i sitt svar till Agneta Gille i torsdags anv\u00e4nde det juridiska uttrycket &#8221;implementeras&#8221;. I juristkretsar betyder det raka motsatsen till &#8221;inkorporera&#8221;.<\/p>\n","protected":false},"excerpt":{"rendered":"<p>Det \u00e4r sant att Sverige rakt av inkorporerade Europakonventionen ang\u00e5ende skydd f\u00f6r de m\u00e4nskliga r\u00e4ttigheterna och de grundl\u00e4ggande friheterna i svenskt r\u00e4tt, utan att f\u00f6rst g\u00f6ra om konventionens artiklar till mer begriplig och l\u00e4ttolkad svensk lag. Det skedde 1995 och \u00e4r det hittills enda exemplet p\u00e5 att en internationell konvention tagit steget direkt in i&hellip;<\/p>\n<p class=\"more-link-p\"><a class=\"more-link\" href=\"https:\/\/www.mariaabrahamsson.nu\/index.php\/2015\/02\/01\/later-sa-men-lofven-soker-val-anda-inte-konflikt-om-barns-basta\/\">Read more &rarr;<\/a><\/p>\n","protected":false},"author":2,"featured_media":0,"comment_status":"open","ping_status":"open","sticky":false,"template":"","format":"standard","meta":{"footnotes":""},"categories":[1],"tags":[228],"class_list":["post-10948","post","type-post","status-publish","format-standard","hentry","category-uncategorized","tag-lofven"],"_links":{"self":[{"href":"https:\/\/www.mariaabrahamsson.nu\/index.php\/wp-json\/wp\/v2\/posts\/10948","targetHints":{"allow":["GET"]}}],"collection":[{"href":"https:\/\/www.mariaabrahamsson.nu\/index.php\/wp-json\/wp\/v2\/posts"}],"about":[{"href":"https:\/\/www.mariaabrahamsson.nu\/index.php\/wp-json\/wp\/v2\/types\/post"}],"author":[{"embeddable":true,"href":"https:\/\/www.mariaabrahamsson.nu\/index.php\/wp-json\/wp\/v2\/users\/2"}],"replies":[{"embeddable":true,"href":"https:\/\/www.mariaabrahamsson.nu\/index.php\/wp-json\/wp\/v2\/comments?post=10948"}],"version-history":[{"count":1,"href":"https:\/\/www.mariaabrahamsson.nu\/index.php\/wp-json\/wp\/v2\/posts\/10948\/revisions"}],"predecessor-version":[{"id":13498,"href":"https:\/\/www.mariaabrahamsson.nu\/index.php\/wp-json\/wp\/v2\/posts\/10948\/revisions\/13498"}],"wp:attachment":[{"href":"https:\/\/www.mariaabrahamsson.nu\/index.php\/wp-json\/wp\/v2\/media?parent=10948"}],"wp:term":[{"taxonomy":"category","embeddable":true,"href":"https:\/\/www.mariaabrahamsson.nu\/index.php\/wp-json\/wp\/v2\/categories?post=10948"},{"taxonomy":"post_tag","embeddable":true,"href":"https:\/\/www.mariaabrahamsson.nu\/index.php\/wp-json\/wp\/v2\/tags?post=10948"}],"curies":[{"name":"wp","href":"https:\/\/api.w.org\/{rel}","templated":true}]}}