{"id":10940,"date":"2015-01-21T22:19:25","date_gmt":"2015-01-21T21:19:25","guid":{"rendered":"http:\/\/www.mariaabrahamsson.nu\/?p=10940"},"modified":"2015-01-21T22:20:03","modified_gmt":"2015-01-21T21:20:03","slug":"fortsatter-ova-pa-att-bli-mer-diplomatisk-pa-det-gamla-sattet","status":"publish","type":"post","link":"https:\/\/www.mariaabrahamsson.nu\/index.php\/2015\/01\/21\/fortsatter-ova-pa-att-bli-mer-diplomatisk-pa-det-gamla-sattet\/","title":{"rendered":"Forts\u00e4tter \u00f6va p\u00e5 att bli mer diplomatisk &#8211; p\u00e5 det gamla s\u00e4ttet"},"content":{"rendered":"<p><strong>H\u00f6rde\u00a0<\/strong><strong>utrikesminister Margot Wallstr\u00f6m<\/strong> f\u00f6rklara i <a href=\"http:\/\/sverigesradio.se\/sida\/artikel.aspx?programid=83&amp;artikel=6071561\">Ekot<\/a>\u00a0att hennes fr\u00e4na diplomatspr\u00e5k mot staten Israel \u00e4r modernt och bygger p\u00e5 \u00f6ppenhet, raka besked och tydlighet. H\u00e4r ordagrant p\u00e5 fr\u00e5ga av SR:s brysselkorre Herman Melzer:<\/p>\n<p><em>Du har kritiserats f\u00f6r att du haft ett h\u00f6gt tonl\u00e4ge?<\/em><\/p>\n<p><em><strong>\u2013 H\u00f6redu, jag tycker att diplomati idag<\/strong> \u00e4r v\u00e4l att vara rak och tydlig och \u00e4rlig. Jag tror att \u00e4rlighet \u00e4r den b\u00e4sta f\u00f6ljeslagaren alltid och vi kommer forts\u00e4tta att ha en rak och \u00f6ppen och \u00e4rlig dialog.<\/em><\/p>\n<p>Utrikesminister\u00a0Wallstr\u00f6ms nya tonl\u00e4ge i svenskt diplomatspr\u00e5k bekymrar m\u00e5nga. En av dem \u00e4r terrorismexperten Magnus Norell. I <a href=\"http:\/\/www.varldenidag.se\/nyhet\/2015\/01\/20\/Svenska-erkannandet-har-starkt-krafter-som-inte-vill-forhandla\/\">V\u00e4rlden idag<\/a> underk\u00e4nner han Wallstr\u00f6ms diplomati, som enligt honom inneb\u00e4r att Sverige inte l\u00e4ngre har n\u00e5gon roll att spela i M\u00d6-konflikten.<\/p>\n<p><strong>Sj\u00e4lv har jag l\u00e4nge f\u00f6rs\u00f6kt<\/strong> l\u00e4ra mig att man inte alltid beh\u00f6ver s\u00e4ga rakt ut vad man tycker och t\u00e4nker med risk f\u00f6r att provocera, s\u00e5ra eller bara reta upp i st\u00f6rsta allm\u00e4nhet. Det kanske inte m\u00e4rks, men jag tr\u00e4nar verkligen p\u00e5 detta.<\/p>\n<p>Tror jag forts\u00e4tter \u00f6va p\u00e5 att bli mer diplomatisk &#8211; p\u00e5 det gamla s\u00e4ttet. F\u00f6re Wallstr\u00f6m.<\/p>\n<p>&nbsp;<\/p>\n","protected":false},"excerpt":{"rendered":"<p>H\u00f6rde\u00a0utrikesminister Margot Wallstr\u00f6m f\u00f6rklara i Ekot\u00a0att hennes fr\u00e4na diplomatspr\u00e5k mot staten Israel \u00e4r modernt och bygger p\u00e5 \u00f6ppenhet, raka besked och tydlighet. H\u00e4r ordagrant p\u00e5 fr\u00e5ga av SR:s brysselkorre Herman Melzer: Du har kritiserats f\u00f6r att du haft ett h\u00f6gt tonl\u00e4ge? \u2013 H\u00f6redu, jag tycker att diplomati idag \u00e4r v\u00e4l att vara rak och tydlig&hellip;<\/p>\n<p class=\"more-link-p\"><a class=\"more-link\" href=\"https:\/\/www.mariaabrahamsson.nu\/index.php\/2015\/01\/21\/fortsatter-ova-pa-att-bli-mer-diplomatisk-pa-det-gamla-sattet\/\">Read more &rarr;<\/a><\/p>\n","protected":false},"author":2,"featured_media":0,"comment_status":"open","ping_status":"open","sticky":false,"template":"","format":"standard","meta":{"footnotes":""},"categories":[1],"tags":[],"class_list":["post-10940","post","type-post","status-publish","format-standard","hentry","category-uncategorized"],"_links":{"self":[{"href":"https:\/\/www.mariaabrahamsson.nu\/index.php\/wp-json\/wp\/v2\/posts\/10940","targetHints":{"allow":["GET"]}}],"collection":[{"href":"https:\/\/www.mariaabrahamsson.nu\/index.php\/wp-json\/wp\/v2\/posts"}],"about":[{"href":"https:\/\/www.mariaabrahamsson.nu\/index.php\/wp-json\/wp\/v2\/types\/post"}],"author":[{"embeddable":true,"href":"https:\/\/www.mariaabrahamsson.nu\/index.php\/wp-json\/wp\/v2\/users\/2"}],"replies":[{"embeddable":true,"href":"https:\/\/www.mariaabrahamsson.nu\/index.php\/wp-json\/wp\/v2\/comments?post=10940"}],"version-history":[{"count":0,"href":"https:\/\/www.mariaabrahamsson.nu\/index.php\/wp-json\/wp\/v2\/posts\/10940\/revisions"}],"wp:attachment":[{"href":"https:\/\/www.mariaabrahamsson.nu\/index.php\/wp-json\/wp\/v2\/media?parent=10940"}],"wp:term":[{"taxonomy":"category","embeddable":true,"href":"https:\/\/www.mariaabrahamsson.nu\/index.php\/wp-json\/wp\/v2\/categories?post=10940"},{"taxonomy":"post_tag","embeddable":true,"href":"https:\/\/www.mariaabrahamsson.nu\/index.php\/wp-json\/wp\/v2\/tags?post=10940"}],"curies":[{"name":"wp","href":"https:\/\/api.w.org\/{rel}","templated":true}]}}