{"id":10931,"date":"2015-01-18T19:12:50","date_gmt":"2015-01-18T18:12:50","guid":{"rendered":"http:\/\/www.mariaabrahamsson.nu\/?p=10931"},"modified":"2020-11-01T17:41:20","modified_gmt":"2020-11-01T16:41:20","slug":"vad-svarar-wallstrom-eu-kollegerna-som-fragar-om-installda-israelresan","status":"publish","type":"post","link":"https:\/\/www.mariaabrahamsson.nu\/index.php\/2015\/01\/18\/vad-svarar-wallstrom-eu-kollegerna-som-fragar-om-installda-israelresan\/","title":{"rendered":"Vad svarar Wallstr\u00f6m EU-kollegerna som fr\u00e5gar om inst\u00e4llda Israelresan?"},"content":{"rendered":"<p><strong>Vid regeringens samr\u00e5d<\/strong> <a href=\"https:\/\/www.riksdagen.se\/sv\/Utskott-EU-namnd\/EU-namnden\/Aktuellt\/2015-01-14-Samrad-i-EU-namnden-infor-moten-i-ministerradet\/\">med EU-n\u00e4mnden<\/a>\u00a0i fredags agerade kabinettssekreterare Annika S\u00f6der stand in f\u00f6r\u00a0utrikesminister Margot Wallstr\u00f6m, som bes\u00f6kte <a href=\"http:\/\/www.regeringen.se\/sb\/d\/17125\/a\/252734\">Maputo<\/a>. Sj\u00e4lv debuterade jag som ers\u00e4ttare i n\u00e4mnden. Ni vet hur det \u00e4r, som inhoppare ganska l\u00e5ngt ner p\u00e5 listan (13:e plats) tar man plats vid sammantr\u00e4desbordet med ganska kass koll p\u00e5 vad de i f\u00f6rv\u00e4g listade \u00e4rendena p\u00e5 dagordningen handlar om:\u00a0EU:s relation till Ryssland p\u00e5 strategisk niv\u00e5, EU:s klimatm\u00f6te i Paris i november, situationen i Libyen och EU:s terrorbek\u00e4mpning med anledning av attacken i Partis.<\/p>\n<p>Efter terrord\u00e5den i Paris med flera judar som m\u00f6rdats av islamistiska terrorister, s\u00e5 \u00f6verv\u00e4ger allt fler oroliga judar i Frankrike att l\u00e4mna landet f\u00f6r Israel. Vad betyder i det l\u00e4get Israels markering mot Sverige n\u00e4r man f\u00f6rklarar utrikesminister Margot Wallstr\u00f6m icke v\u00e4lkommen efter regeringen L\u00f6fvens erk\u00e4nnande av Palestina som stat?<\/p>\n<p><strong>D\u00e4r satt jag d\u00e5 i fredags<\/strong> som EU-n\u00e4mndsnovis i Skandiasalen och f\u00f6rundrades \u00f6ver att ingen tycktes l\u00e5tsas om elefanten i rummet. S\u00e5 d\u00e4rf\u00f6r st\u00e4llde jag fr\u00e5gan om vad Sveriges utrikesminister t\u00e4nker svara p\u00e5 Ministerr\u00e5dsm\u00f6tet i Bryssel (19\/1) n\u00e4r och om EU-kollegerna undrar vad det \u00e4r som har h\u00e4nt mellan Sverige och Israel? F\u00f6r med tanke p\u00e5 att de i terrorns och antisemitismens sp\u00e5r allt mer anstr\u00e4ngda relationerna mellan Frankrike och staten Israel har blivit ett hett diskussions\u00e4mne i Europa, s\u00e5 h\u00e4nger fr\u00e5gan i luften om orsakerna till och konsekvenserna av utrikesminister Wallstr\u00f6ms inst\u00e4llda Israelresa.<\/p>\n<p>Att min fr\u00e5ga var k\u00e4nslig framgick av kabinettssekreterare S\u00f6ders undanglidande svar, som bland annat gick ut p\u00e5 att st\u00e4mningen i Israel \u00e4r sp\u00e4nd inf\u00f6r det\u00a0<a href=\"http:\/\/israelidag.se\/val-i-israel-den-17-mars-2015-ingaende-beskrivning\/\">f\u00f6rest\u00e5ende valet<\/a>. Som om valr\u00f6relsen i Israel skulle ha varit ok\u00e4nd f\u00f6r regeringen L\u00f6fven n\u00e4r tidpunkten spikades f\u00f6r erk\u00e4nnandet av Palestina. Vilka konsekvenser den inst\u00e4llda resan och den f\u00f6rs\u00e4mrade relationen mellan Sverige och Israel kan f\u00e5, inte bara f\u00f6r v\u00e5rt land utan ocks\u00e5 f\u00f6r f\u00f6r Frankrike och EU som helhet, den fr\u00e5gan fick jag inte heller svar p\u00e5.<\/p>\n<p><strong>P\u00e5 skattebetalarnas bekostnad<\/strong> har jag som riksdagsledamot\u00a0varit i <a href=\"http:\/\/www.mariaabrahamsson.nu\/index.php\/2012\/11\/08\/var-bara-tvungen-att-fraga-bildt-om-israelpalestina\/\">Israel och Palestina.<\/a> Jag har sett under vilka vidriga f\u00f6rh\u00e5llanden som palestinierna lever och hur de undan f\u00f6r undan tr\u00e4ngs tillbaka av olagliga israeliska bos\u00e4ttningar. Men d\u00e4rmed inte sagt att ett erk\u00e4nnande nu av Palestina \u00e4r r\u00e4tt v\u00e4g att g\u00e5. Regeringen L\u00f6fven borde ha funderat mer p\u00e5 vad en fientlig handling mot Israel inneb\u00e4r i en situation d\u00e4r m\u00e5nga av Europas judar lever i otrygghet och inte ens v\u00e5gar bo kvar i de l\u00e4nder d\u00e4r de \u00e4r f\u00f6dda.<\/p>\n","protected":false},"excerpt":{"rendered":"<p>Vid regeringens samr\u00e5d med EU-n\u00e4mnden\u00a0i fredags agerade kabinettssekreterare Annika S\u00f6der stand in f\u00f6r\u00a0utrikesminister Margot Wallstr\u00f6m, som bes\u00f6kte Maputo. Sj\u00e4lv debuterade jag som ers\u00e4ttare i n\u00e4mnden. Ni vet hur det \u00e4r, som inhoppare ganska l\u00e5ngt ner p\u00e5 listan (13:e plats) tar man plats vid sammantr\u00e4desbordet med ganska kass koll p\u00e5 vad de i f\u00f6rv\u00e4g listade \u00e4rendena&hellip;<\/p>\n<p class=\"more-link-p\"><a class=\"more-link\" href=\"https:\/\/www.mariaabrahamsson.nu\/index.php\/2015\/01\/18\/vad-svarar-wallstrom-eu-kollegerna-som-fragar-om-installda-israelresan\/\">Read more &rarr;<\/a><\/p>\n","protected":false},"author":2,"featured_media":0,"comment_status":"open","ping_status":"open","sticky":false,"template":"","format":"standard","meta":{"footnotes":""},"categories":[1],"tags":[266,276],"class_list":["post-10931","post","type-post","status-publish","format-standard","hentry","category-uncategorized","tag-eu","tag-eu-namnden"],"_links":{"self":[{"href":"https:\/\/www.mariaabrahamsson.nu\/index.php\/wp-json\/wp\/v2\/posts\/10931","targetHints":{"allow":["GET"]}}],"collection":[{"href":"https:\/\/www.mariaabrahamsson.nu\/index.php\/wp-json\/wp\/v2\/posts"}],"about":[{"href":"https:\/\/www.mariaabrahamsson.nu\/index.php\/wp-json\/wp\/v2\/types\/post"}],"author":[{"embeddable":true,"href":"https:\/\/www.mariaabrahamsson.nu\/index.php\/wp-json\/wp\/v2\/users\/2"}],"replies":[{"embeddable":true,"href":"https:\/\/www.mariaabrahamsson.nu\/index.php\/wp-json\/wp\/v2\/comments?post=10931"}],"version-history":[{"count":1,"href":"https:\/\/www.mariaabrahamsson.nu\/index.php\/wp-json\/wp\/v2\/posts\/10931\/revisions"}],"predecessor-version":[{"id":13623,"href":"https:\/\/www.mariaabrahamsson.nu\/index.php\/wp-json\/wp\/v2\/posts\/10931\/revisions\/13623"}],"wp:attachment":[{"href":"https:\/\/www.mariaabrahamsson.nu\/index.php\/wp-json\/wp\/v2\/media?parent=10931"}],"wp:term":[{"taxonomy":"category","embeddable":true,"href":"https:\/\/www.mariaabrahamsson.nu\/index.php\/wp-json\/wp\/v2\/categories?post=10931"},{"taxonomy":"post_tag","embeddable":true,"href":"https:\/\/www.mariaabrahamsson.nu\/index.php\/wp-json\/wp\/v2\/tags?post=10931"}],"curies":[{"name":"wp","href":"https:\/\/api.w.org\/{rel}","templated":true}]}}