{"id":10852,"date":"2015-01-07T19:18:02","date_gmt":"2015-01-07T18:18:02","guid":{"rendered":"http:\/\/www.mariaabrahamsson.nu\/?p=10852"},"modified":"2020-11-01T17:44:09","modified_gmt":"2020-11-01T16:44:09","slug":"attentat-mot-yttrandefriheten-men-bland-de-doda-fanns-ocksa-poliser-lat-oss-inte-glomma-det","status":"publish","type":"post","link":"https:\/\/www.mariaabrahamsson.nu\/index.php\/2015\/01\/07\/attentat-mot-yttrandefriheten-men-bland-de-doda-fanns-ocksa-poliser-lat-oss-inte-glomma-det\/","title":{"rendered":"Attentat mot yttrandefriheten men bland de d\u00f6da fanns ocks\u00e5 poliser, l\u00e5t oss inte gl\u00f6mma det"},"content":{"rendered":"<p style=\"text-align: left;\"><strong>P\u00e5 l\u00f6rdag v\u00e4ljer<\/strong> vi moderater ny partiordf\u00f6rande och jag \u00e4r den f\u00f6rsta att \u00f6nska henne varmt lycka till av hela mitt hj\u00e4rta. Visst har h\u00f6sten, vintern och starten p\u00e5 det nya \u00e5ret varit politiskt st\u00f6kigt och kantats av politisk turbulens men desto st\u00f6rre anledning d\u00e5 f\u00f6r mig att som omvald ledamot av<a href=\"https:\/\/www.riksdagen.se\/sv\/Utskott-EU-namnd\/Konstitutionsutskottet\/Ledamoter\/\"> Sveriges riksdag<\/a> ge j\u00e4rnet och kommande \u00e5r ligga i f\u00f6r att v\u00e4ljarna i valet 2018 \u00e5ter r\u00f6star fram en stark alliansregering, som dessutom f\u00f6r f\u00f6rsta g\u00e5ngen i svensk politisk historia leds av en statsminister som \u00e4r kvinna!<\/p>\n<p>Jo, jag har l\u00e4nge skjutit upp det men i dag hade jag allts\u00e5 det nya \u00e5ret till \u00e4ra t\u00e4nkt uppdatera spalten h\u00e4r bredvid &#8221;Om mig&#8221;. Men s\u00e5 hann d\u00e5det mot tidningsredaktionen i Paris f\u00f6re. Och min lust att utveckla och formulera vad jag t\u00e4nker och hur jag kommande \u00e5r ser p\u00e5 mitt politiska uppdrag, den lusten f\u00f6rsvann ut i tomma intet. Det kan verka eftergivet och fegt att reagera s\u00e5 n\u00e4r attentatet enligt samst\u00e4mmiga bed\u00f6mare riktar sig mot yttrandefriheten. Men just nu till\u00e5ter jag mig att framf\u00f6r allt s\u00f6rja de modiga m\u00e4nniskor p\u00e5 <a href=\"http:\/\/www.svd.se\/nyheter\/utrikes\/publicerade-i-natt-en-satirteckning-av-is-ledaren_4233605.svd\">Charlie Hebdos<\/a> redaktion som stupade i kampen f\u00f6r det fria ordet.<\/p>\n<p><strong>Vad som inte tydligt har framg\u00e5tt<\/strong> av dagens medierapportering och politiska kommentarer \u00e4r att terrord\u00e5det ocks\u00e5 var riktat mot r\u00e4ttssamh\u00e4llet som s\u00e5dant. Bland de d\u00f6da fanns ocks\u00e5 poliser med uppgift att uppr\u00e4tth\u00e5lla r\u00e4ttsstatens principer. L\u00e5t oss inte gl\u00f6mma det i bedr\u00f6velsen \u00f6ver angreppet p\u00e5 yttrandefriheten.<\/p>\n<p>&nbsp;<\/p>\n","protected":false},"excerpt":{"rendered":"<p>P\u00e5 l\u00f6rdag v\u00e4ljer vi moderater ny partiordf\u00f6rande och jag \u00e4r den f\u00f6rsta att \u00f6nska henne varmt lycka till av hela mitt hj\u00e4rta. Visst har h\u00f6sten, vintern och starten p\u00e5 det nya \u00e5ret varit politiskt st\u00f6kigt och kantats av politisk turbulens men desto st\u00f6rre anledning d\u00e5 f\u00f6r mig att som omvald ledamot av Sveriges riksdag ge&hellip;<\/p>\n<p class=\"more-link-p\"><a class=\"more-link\" href=\"https:\/\/www.mariaabrahamsson.nu\/index.php\/2015\/01\/07\/attentat-mot-yttrandefriheten-men-bland-de-doda-fanns-ocksa-poliser-lat-oss-inte-glomma-det\/\">Read more &rarr;<\/a><\/p>\n","protected":false},"author":2,"featured_media":0,"comment_status":"open","ping_status":"open","sticky":false,"template":"","format":"standard","meta":{"footnotes":""},"categories":[1],"tags":[247,264,251],"class_list":["post-10852","post","type-post","status-publish","format-standard","hentry","category-uncategorized","tag-polisen","tag-politikerlivet","tag-yttrandefriheten"],"_links":{"self":[{"href":"https:\/\/www.mariaabrahamsson.nu\/index.php\/wp-json\/wp\/v2\/posts\/10852","targetHints":{"allow":["GET"]}}],"collection":[{"href":"https:\/\/www.mariaabrahamsson.nu\/index.php\/wp-json\/wp\/v2\/posts"}],"about":[{"href":"https:\/\/www.mariaabrahamsson.nu\/index.php\/wp-json\/wp\/v2\/types\/post"}],"author":[{"embeddable":true,"href":"https:\/\/www.mariaabrahamsson.nu\/index.php\/wp-json\/wp\/v2\/users\/2"}],"replies":[{"embeddable":true,"href":"https:\/\/www.mariaabrahamsson.nu\/index.php\/wp-json\/wp\/v2\/comments?post=10852"}],"version-history":[{"count":1,"href":"https:\/\/www.mariaabrahamsson.nu\/index.php\/wp-json\/wp\/v2\/posts\/10852\/revisions"}],"predecessor-version":[{"id":13625,"href":"https:\/\/www.mariaabrahamsson.nu\/index.php\/wp-json\/wp\/v2\/posts\/10852\/revisions\/13625"}],"wp:attachment":[{"href":"https:\/\/www.mariaabrahamsson.nu\/index.php\/wp-json\/wp\/v2\/media?parent=10852"}],"wp:term":[{"taxonomy":"category","embeddable":true,"href":"https:\/\/www.mariaabrahamsson.nu\/index.php\/wp-json\/wp\/v2\/categories?post=10852"},{"taxonomy":"post_tag","embeddable":true,"href":"https:\/\/www.mariaabrahamsson.nu\/index.php\/wp-json\/wp\/v2\/tags?post=10852"}],"curies":[{"name":"wp","href":"https:\/\/api.w.org\/{rel}","templated":true}]}}