{"id":10845,"date":"2014-12-31T01:01:56","date_gmt":"2014-12-31T00:01:56","guid":{"rendered":"http:\/\/www.mariaabrahamsson.nu\/?p=10845"},"modified":"2020-11-01T17:45:06","modified_gmt":"2020-11-01T16:45:06","slug":"demokratin-da-bortspelad-nej-definitivt-inte","status":"publish","type":"post","link":"https:\/\/www.mariaabrahamsson.nu\/index.php\/2014\/12\/31\/demokratin-da-bortspelad-nej-definitivt-inte\/","title":{"rendered":"Demokratin d\u00e5? Bortspelad? Nej, definitivt inte!"},"content":{"rendered":"<p><strong>Har inte<\/strong> en chans att var och en bem\u00f6ta st\u00f6rtfloden av missn\u00f6je i mejlboxen. Svarar d\u00e4rf\u00f6r h\u00e4r p\u00e5 fr\u00e5gan om jag stillatigande t\u00e4nker l\u00e5ta det ske? Ja, det vill s\u00e4ga sv\u00e4lja den s\u00e5 kallade december\u00f6verenskommelsen och d\u00e4rmed spela bort demokratin. F\u00f6r detta \u00e4r vad som allra mest st\u00f6r helgfriden f\u00f6r de seri\u00f6st oroliga v\u00e4ljare och partimedlemmar som har h\u00f6rt av sig dessa komp- och mellandagar som snart \u00f6verg\u00e5r i 2015.<\/p>\n<p>Mitt svar \u00e4r nej, den demokratiska ordningen \u00e4r inte i fara och Alliansen har inte lagt sig platt f\u00f6r V\u00e4nsterpartiet. Uppg\u00f6relsen mellan Alliansen och regeringspartierna ger\u00a0inte\u00a0Stefan L\u00f6fven blankt kort att tillsammans med Jonas Sj\u00f6stedt och V chockh\u00f6ja inkomstskatterna, avskaffa rut och rot och \u00e5terinf\u00f6ra arvs- och g\u00e5voskatten med mera ont.<\/p>\n<p><strong>Visserligen \u00e4r det inte<\/strong> s\u00e5 att Anna Kinberg Batra &amp; Co har f\u00f6r vana att ringa och ber\u00e4tta hur hon och de andra alliansledarna t\u00e4nker. Men s\u00e5 mycket \u00e4r klart att december\u00f6verenskommelsen bygger inte p\u00e5 lagstiftning utan p\u00e5 ett \u00f6msesidigt f\u00f6rtroende mellan parterna. D\u00e4rf\u00f6r vet Stefan L\u00f6fven att Alliansen inte stillatigande kommer att finna sig i att hans regering pungsl\u00e5r Sverige med skatteh\u00f6jningar och annan tillv\u00e4xtfientlig politik. Om L\u00f6fven har den minsta sj\u00e4lvbevarelsedrift avst\u00e5r han fr\u00e5n systemf\u00f6r\u00e4ndringar i socialistisk riktning, annars \u00e4r f\u00f6rtroendet brutet f\u00f6r hela \u00f6verenskommelsens bygge.<\/p>\n<p>Allts\u00e5 \u00e4r jag r\u00e4tt \u00f6vertygad om att L\u00f6fven kommer att vara extremt noga med att h\u00e5lla Sj\u00f6stedt p\u00e5 arml\u00e4ngds avst\u00e5nd. F\u00f6r s\u00e5 politiskt obeg\u00e5vad \u00e4r inte L\u00f6fven att han riskerar det regeringsinnehav som han just har s\u00e4krat, vilket han skulle g\u00f6ra genom provokativa utspel i Alliansens hj\u00e4rtefr\u00e5gor. Till och med Jonas Sj\u00f6stedt f\u00e5r antas begripa att det \u00e4r s\u00e5 det h\u00e4nger ihop.<\/p>\n<p><strong>Demokratin d\u00e5?<\/strong> Bortspelad? Nej, definitivt inte, men den har f\u00e5tt lite andra spelregler f\u00f6r de n\u00e4rmaste \u00e5tta \u00e5ren, dock helt inom ramen f\u00f6r v\u00e5rt demokratiska samh\u00e4llsskick.<\/p>\n<p>F\u00f6r medborgarna g\u00e4ller numera att de m\u00e5ste vara beredda att omskola sig, byta yrke och flytta kanske flera g\u00e5nger under en livstid. Detta som en f\u00f6ljd av samh\u00e4llsutvecklingen, globaliseringen och allt vad den f\u00f6r med sig i form av nya utmaningar. Sak samma g\u00e4ller s\u00e5 klart i det politiska livet n\u00e4r den parlamentariska kartan ritas om. Det f\u00e5r konsekvenser f\u00f6r hur regeringen och Sveriges riksdag ska kunna forts\u00e4tta att regera landet. Nya utmaningar st\u00e4ller nya krav som fordrar nya l\u00f6sningar. Det \u00e4r som det ska vara, och d\u00e4rf\u00f6r tycker jag man ska l\u00e5ta bli att skria i himmelens sky \u00f6ver den ing\u00e5ngna uppg\u00f6relsen mellan Alliansen och S\/MP.<\/p>\n","protected":false},"excerpt":{"rendered":"<p>Har inte en chans att var och en bem\u00f6ta st\u00f6rtfloden av missn\u00f6je i mejlboxen. Svarar d\u00e4rf\u00f6r h\u00e4r p\u00e5 fr\u00e5gan om jag stillatigande t\u00e4nker l\u00e5ta det ske? Ja, det vill s\u00e4ga sv\u00e4lja den s\u00e5 kallade december\u00f6verenskommelsen och d\u00e4rmed spela bort demokratin. F\u00f6r detta \u00e4r vad som allra mest st\u00f6r helgfriden f\u00f6r de seri\u00f6st oroliga v\u00e4ljare och&hellip;<\/p>\n<p class=\"more-link-p\"><a class=\"more-link\" href=\"https:\/\/www.mariaabrahamsson.nu\/index.php\/2014\/12\/31\/demokratin-da-bortspelad-nej-definitivt-inte\/\">Read more &rarr;<\/a><\/p>\n","protected":false},"author":2,"featured_media":0,"comment_status":"open","ping_status":"open","sticky":false,"template":"","format":"standard","meta":{"footnotes":""},"categories":[1],"tags":[268],"class_list":["post-10845","post","type-post","status-publish","format-standard","hentry","category-uncategorized","tag-do"],"_links":{"self":[{"href":"https:\/\/www.mariaabrahamsson.nu\/index.php\/wp-json\/wp\/v2\/posts\/10845","targetHints":{"allow":["GET"]}}],"collection":[{"href":"https:\/\/www.mariaabrahamsson.nu\/index.php\/wp-json\/wp\/v2\/posts"}],"about":[{"href":"https:\/\/www.mariaabrahamsson.nu\/index.php\/wp-json\/wp\/v2\/types\/post"}],"author":[{"embeddable":true,"href":"https:\/\/www.mariaabrahamsson.nu\/index.php\/wp-json\/wp\/v2\/users\/2"}],"replies":[{"embeddable":true,"href":"https:\/\/www.mariaabrahamsson.nu\/index.php\/wp-json\/wp\/v2\/comments?post=10845"}],"version-history":[{"count":1,"href":"https:\/\/www.mariaabrahamsson.nu\/index.php\/wp-json\/wp\/v2\/posts\/10845\/revisions"}],"predecessor-version":[{"id":13626,"href":"https:\/\/www.mariaabrahamsson.nu\/index.php\/wp-json\/wp\/v2\/posts\/10845\/revisions\/13626"}],"wp:attachment":[{"href":"https:\/\/www.mariaabrahamsson.nu\/index.php\/wp-json\/wp\/v2\/media?parent=10845"}],"wp:term":[{"taxonomy":"category","embeddable":true,"href":"https:\/\/www.mariaabrahamsson.nu\/index.php\/wp-json\/wp\/v2\/categories?post=10845"},{"taxonomy":"post_tag","embeddable":true,"href":"https:\/\/www.mariaabrahamsson.nu\/index.php\/wp-json\/wp\/v2\/tags?post=10845"}],"curies":[{"name":"wp","href":"https:\/\/api.w.org\/{rel}","templated":true}]}}