{"id":10838,"date":"2014-12-27T15:11:22","date_gmt":"2014-12-27T14:11:22","guid":{"rendered":"http:\/\/www.mariaabrahamsson.nu\/?p=10838"},"modified":"2020-10-30T20:57:57","modified_gmt":"2020-10-30T19:57:57","slug":"trangd-lofven-hade-inte-mycket-till-val","status":"publish","type":"post","link":"https:\/\/www.mariaabrahamsson.nu\/index.php\/2014\/12\/27\/trangd-lofven-hade-inte-mycket-till-val\/","title":{"rendered":"Tr\u00e4ngd L\u00f6fven hade inte mycket till val"},"content":{"rendered":"<p><strong>D\u00e4r \u00f6ppnar han<\/strong> faktiskt f\u00f6r att avbl\u00e5sa extravalet, vet jag att jag t\u00e4nkte. Jag hajade till n\u00e4r Stefan L\u00f6fven i sitt <a href=\"http:\/\/www.socialdemokraterna.se\/Pressrum\/nyheter\/Stefan-Lofvens-jultal\/\">jultal<\/a> f\u00f6r en vecka sedan pl\u00f6tsligt understr\u00f6k att han inte skulle s\u00e4tta den personliga prestigen f\u00f6re landets b\u00e4sta.<\/p>\n<p>Mycket riktigt, i morse klockan tre lokal tid plingade det till i mobilen: Det blir inget extraval. F\u00f6r en g\u00e5ngs skull n\u00e5gon substans i det evinnerliga TT-flashandet, t\u00e4nkte jag.<\/p>\n<p><strong>Kommentarer i alla riktningar<\/strong> l\u00e4r inte saknas om vad den uppn\u00e5dda \u00f6verenskommelsen inneb\u00e4r och vilket\/vilka partier som har vunnit mest. Sj\u00e4lv n\u00f6jer jag mig med att notera att den i m\u00e5ngt och mycket bygger p\u00e5 de principer och f\u00f6rslag som Alliansen <a href=\"http:\/\/www.dn.se\/debatt\/med-nya-regler-kan-vi-gora-minoritetsregerande-mojligt\/\">presenterade <\/a>i b\u00f6rjan av\u00a0december. Det vill s\u00e4ga att det beh\u00f6vs nya spelregler som m\u00f6jligg\u00f6r f\u00f6r en minoritetsregering att f\u00e5 igenom sin budget och d\u00e4rmed kunna regera landet.<\/p>\n<p>Med detta sagt &#8211; nu v\u00e4ntar stranden och fortsatt l\u00e4sning av Daniel Suhonens personliga skildring av H\u00e5kan Juholts uppg\u00e5ng och fall. T\u00e4nk vad viktigt det \u00e4r att en partiledare &#8211; det m\u00e5 vara S eller M &#8211; \u00e4r v\u00e4l f\u00f6rberedd att leda sitt parti och ytterst ocks\u00e5 landet.<\/p>\n","protected":false},"excerpt":{"rendered":"<p>D\u00e4r \u00f6ppnar han faktiskt f\u00f6r att avbl\u00e5sa extravalet, vet jag att jag t\u00e4nkte. Jag hajade till n\u00e4r Stefan L\u00f6fven i sitt jultal f\u00f6r en vecka sedan pl\u00f6tsligt understr\u00f6k att han inte skulle s\u00e4tta den personliga prestigen f\u00f6re landets b\u00e4sta. Mycket riktigt, i morse klockan tre lokal tid plingade det till i mobilen: Det blir inget&hellip;<\/p>\n<p class=\"more-link-p\"><a class=\"more-link\" href=\"https:\/\/www.mariaabrahamsson.nu\/index.php\/2014\/12\/27\/trangd-lofven-hade-inte-mycket-till-val\/\">Read more &rarr;<\/a><\/p>\n","protected":false},"author":2,"featured_media":0,"comment_status":"open","ping_status":"open","sticky":false,"template":"","format":"standard","meta":{"footnotes":""},"categories":[1],"tags":[228],"class_list":["post-10838","post","type-post","status-publish","format-standard","hentry","category-uncategorized","tag-lofven"],"_links":{"self":[{"href":"https:\/\/www.mariaabrahamsson.nu\/index.php\/wp-json\/wp\/v2\/posts\/10838","targetHints":{"allow":["GET"]}}],"collection":[{"href":"https:\/\/www.mariaabrahamsson.nu\/index.php\/wp-json\/wp\/v2\/posts"}],"about":[{"href":"https:\/\/www.mariaabrahamsson.nu\/index.php\/wp-json\/wp\/v2\/types\/post"}],"author":[{"embeddable":true,"href":"https:\/\/www.mariaabrahamsson.nu\/index.php\/wp-json\/wp\/v2\/users\/2"}],"replies":[{"embeddable":true,"href":"https:\/\/www.mariaabrahamsson.nu\/index.php\/wp-json\/wp\/v2\/comments?post=10838"}],"version-history":[{"count":1,"href":"https:\/\/www.mariaabrahamsson.nu\/index.php\/wp-json\/wp\/v2\/posts\/10838\/revisions"}],"predecessor-version":[{"id":13500,"href":"https:\/\/www.mariaabrahamsson.nu\/index.php\/wp-json\/wp\/v2\/posts\/10838\/revisions\/13500"}],"wp:attachment":[{"href":"https:\/\/www.mariaabrahamsson.nu\/index.php\/wp-json\/wp\/v2\/media?parent=10838"}],"wp:term":[{"taxonomy":"category","embeddable":true,"href":"https:\/\/www.mariaabrahamsson.nu\/index.php\/wp-json\/wp\/v2\/categories?post=10838"},{"taxonomy":"post_tag","embeddable":true,"href":"https:\/\/www.mariaabrahamsson.nu\/index.php\/wp-json\/wp\/v2\/tags?post=10838"}],"curies":[{"name":"wp","href":"https:\/\/api.w.org\/{rel}","templated":true}]}}