{"id":10819,"date":"2014-12-11T21:55:42","date_gmt":"2014-12-11T20:55:42","guid":{"rendered":"http:\/\/www.mariaabrahamsson.nu\/?p=10819"},"modified":"2020-10-30T20:58:27","modified_gmt":"2020-10-30T19:58:27","slug":"lofven-ska-nyfascister-doma-i-vara-domstolar","status":"publish","type":"post","link":"https:\/\/www.mariaabrahamsson.nu\/index.php\/2014\/12\/11\/lofven-ska-nyfascister-doma-i-vara-domstolar\/","title":{"rendered":"L\u00f6fven &#8211; ska nyfascister d\u00f6ma i v\u00e5ra domstolar?"},"content":{"rendered":"<p><strong>Det \u00e4r\u00a0\u00e4nd\u00e5 med viss<\/strong> ansp\u00e4nning som man best\u00e4mmer sig f\u00f6r att anm\u00e4la sig till talarlistan och sedan efter att ha finslipat\u00a0formuleringarna hundra g\u00e5nger knata i v\u00e4g till kammaren i hopp om att f\u00e5 st\u00e4lla sin fr\u00e5ga till statsministern p\u00e5 hans <a href=\"https:\/\/www.riksdagen.se\/sv\/Debatter--beslut\/Fragestunder\/Fragestund8\/?did=H2C120141211sf\">fr\u00e5gestund<\/a>. Men det fick jag allts\u00e5 inte g\u00f6ra i dag.<\/p>\n<p>S\u00e5 bra d\u00e5 att jag kan g\u00f6ra det h\u00e4r:<\/p>\n<p><strong>Herr Talman<\/strong><\/p>\n<p>Efter h\u00f6stens val f\u00e5r Sverigedemokraterna nominera dubbelt s\u00e5 m\u00e5nga n\u00e4mndem\u00e4n till v\u00e5ra domstolar. Dagens drygt 300 SD-n\u00e4mndem\u00e4n kommer uppskattningsvis att \u00f6ka till drygt 700.<\/p>\n<p><a href=\"http:\/\/www.aftonbladet.se\/nyheter\/article19972717.ab\">Enligt statsministern<\/a>\u00a0(och finansministern)\u00a0\u00e4r Sverigedemokraterna ett <a href=\"http:\/\/sv.wikipedia.org\/wiki\/Nyfascism\">nyfascistiskt parti<\/a>.<\/p>\n<p><strong>Tycker statsministern<\/strong> det \u00e4r v\u00e4rdigt en demokrati och r\u00e4ttsstat att ha nyfascistiska n\u00e4mndem\u00e4n som domare i v\u00e5ra domstolar?<\/p>\n<p>(Nej, det tror jag faktisk inte).<\/p>\n<p><strong>S\u00e5 min fr\u00e5ga till statsministern<\/strong>\u00a0lyder: N\u00e4r t\u00e4nker regeringen ta initiativ till att i grunden ompr\u00f6va det svenska systemet med politiskt nominerade domare till v\u00e5ra domstolar?<\/p>\n<p>Svar inv\u00e4ntas.<\/p>\n","protected":false},"excerpt":{"rendered":"<p>Det \u00e4r\u00a0\u00e4nd\u00e5 med viss ansp\u00e4nning som man best\u00e4mmer sig f\u00f6r att anm\u00e4la sig till talarlistan och sedan efter att ha finslipat\u00a0formuleringarna hundra g\u00e5nger knata i v\u00e4g till kammaren i hopp om att f\u00e5 st\u00e4lla sin fr\u00e5ga till statsministern p\u00e5 hans fr\u00e5gestund. Men det fick jag allts\u00e5 inte g\u00f6ra i dag. S\u00e5 bra d\u00e5 att jag&hellip;<\/p>\n<p class=\"more-link-p\"><a class=\"more-link\" href=\"https:\/\/www.mariaabrahamsson.nu\/index.php\/2014\/12\/11\/lofven-ska-nyfascister-doma-i-vara-domstolar\/\">Read more &rarr;<\/a><\/p>\n","protected":false},"author":2,"featured_media":0,"comment_status":"open","ping_status":"open","sticky":false,"template":"","format":"standard","meta":{"footnotes":""},"categories":[1],"tags":[223],"class_list":["post-10819","post","type-post","status-publish","format-standard","hentry","category-uncategorized","tag-namndeman"],"_links":{"self":[{"href":"https:\/\/www.mariaabrahamsson.nu\/index.php\/wp-json\/wp\/v2\/posts\/10819","targetHints":{"allow":["GET"]}}],"collection":[{"href":"https:\/\/www.mariaabrahamsson.nu\/index.php\/wp-json\/wp\/v2\/posts"}],"about":[{"href":"https:\/\/www.mariaabrahamsson.nu\/index.php\/wp-json\/wp\/v2\/types\/post"}],"author":[{"embeddable":true,"href":"https:\/\/www.mariaabrahamsson.nu\/index.php\/wp-json\/wp\/v2\/users\/2"}],"replies":[{"embeddable":true,"href":"https:\/\/www.mariaabrahamsson.nu\/index.php\/wp-json\/wp\/v2\/comments?post=10819"}],"version-history":[{"count":1,"href":"https:\/\/www.mariaabrahamsson.nu\/index.php\/wp-json\/wp\/v2\/posts\/10819\/revisions"}],"predecessor-version":[{"id":13501,"href":"https:\/\/www.mariaabrahamsson.nu\/index.php\/wp-json\/wp\/v2\/posts\/10819\/revisions\/13501"}],"wp:attachment":[{"href":"https:\/\/www.mariaabrahamsson.nu\/index.php\/wp-json\/wp\/v2\/media?parent=10819"}],"wp:term":[{"taxonomy":"category","embeddable":true,"href":"https:\/\/www.mariaabrahamsson.nu\/index.php\/wp-json\/wp\/v2\/categories?post=10819"},{"taxonomy":"post_tag","embeddable":true,"href":"https:\/\/www.mariaabrahamsson.nu\/index.php\/wp-json\/wp\/v2\/tags?post=10819"}],"curies":[{"name":"wp","href":"https:\/\/api.w.org\/{rel}","templated":true}]}}