{"id":10786,"date":"2014-11-16T14:07:30","date_gmt":"2014-11-16T13:07:30","guid":{"rendered":"http:\/\/www.mariaabrahamsson.nu\/?p=10786"},"modified":"2020-11-01T17:50:27","modified_gmt":"2020-11-01T16:50:27","slug":"regeringen-lagger-sig-alltsa-platt-for-min-ku-anmalan","status":"publish","type":"post","link":"https:\/\/www.mariaabrahamsson.nu\/index.php\/2014\/11\/16\/regeringen-lagger-sig-alltsa-platt-for-min-ku-anmalan\/","title":{"rendered":"Regeringen l\u00e4gger sig allts\u00e5 platt f\u00f6r min KU-anm\u00e4lan"},"content":{"rendered":"<p><strong>Hur blir det nu?<\/strong> Jag menar, jag har i en anm\u00e4lan till konstitutionsutskottet beg\u00e4rt att KU ska <a href=\"https:\/\/www.riksdagen.se\/sv\/Dokument-Lagar\/Fragor-och-anmalningar\/KU-anmalningar\/Begaran-om-granskning-av-huruv_H2A12F7E09\/\">granska<\/a> om regeringen har levt upp till beredningskraven i 7 kap. 2 \u00a7 regeringsformen n\u00e4r regeringen i prop. 2014\/15:1 f\u00f6resl\u00e5r att anslaget till de svenska medelhavsinstituten ska minskas och d\u00e4refter upph\u00f6ra.<\/p>\n<p>S\u00e5 i dag, p\u00e5 en rak fr\u00e5ga i <a href=\"http:\/\/www.svd.se\/nyheter\/inrikes\/margot-wallstrom-ingen-ska-tvivla-pa-att-vi-kraver-respekt_4105119.svd\">SvD<\/a> om det \u00e4r r\u00e4tt av regeringen att dra in st\u00f6det till de svenska medelhavsinstituten svarar utrikesminister Margot Wallstr\u00f6m:<\/p>\n<p><strong>&#8211; Nej, det \u00e4r helt fel.<\/strong><\/p>\n<p>P\u00e5 fr\u00e5gan hur det kunde g\u00e5 s\u00e5 fel, svarar statsr\u00e5det:<\/p>\n<p><strong>&#8211; Vad hade vi p\u00e5 oss, tv\u00e5 veckor?<\/strong> Kort om tid. Nya m\u00e4nniskor som ska in. D\u00e5 kan s\u00e5nt h\u00e4r h\u00e4nda.<\/p>\n<p>Regeringen l\u00e4gger sig allts\u00e5 platt f\u00f6r min KU-anm\u00e4lan. Eller kan Wallstr\u00f6ms uttalande tolkas annorlunda?<\/p>\n","protected":false},"excerpt":{"rendered":"<p>Hur blir det nu? Jag menar, jag har i en anm\u00e4lan till konstitutionsutskottet beg\u00e4rt att KU ska granska om regeringen har levt upp till beredningskraven i 7 kap. 2 \u00a7 regeringsformen n\u00e4r regeringen i prop. 2014\/15:1 f\u00f6resl\u00e5r att anslaget till de svenska medelhavsinstituten ska minskas och d\u00e4refter upph\u00f6ra. S\u00e5 i dag, p\u00e5 en rak fr\u00e5ga&hellip;<\/p>\n<p class=\"more-link-p\"><a class=\"more-link\" href=\"https:\/\/www.mariaabrahamsson.nu\/index.php\/2014\/11\/16\/regeringen-lagger-sig-alltsa-platt-for-min-ku-anmalan\/\">Read more &rarr;<\/a><\/p>\n","protected":false},"author":2,"featured_media":0,"comment_status":"open","ping_status":"open","sticky":false,"template":"","format":"standard","meta":{"footnotes":""},"categories":[1],"tags":[249],"class_list":["post-10786","post","type-post","status-publish","format-standard","hentry","category-uncategorized","tag-ku"],"_links":{"self":[{"href":"https:\/\/www.mariaabrahamsson.nu\/index.php\/wp-json\/wp\/v2\/posts\/10786","targetHints":{"allow":["GET"]}}],"collection":[{"href":"https:\/\/www.mariaabrahamsson.nu\/index.php\/wp-json\/wp\/v2\/posts"}],"about":[{"href":"https:\/\/www.mariaabrahamsson.nu\/index.php\/wp-json\/wp\/v2\/types\/post"}],"author":[{"embeddable":true,"href":"https:\/\/www.mariaabrahamsson.nu\/index.php\/wp-json\/wp\/v2\/users\/2"}],"replies":[{"embeddable":true,"href":"https:\/\/www.mariaabrahamsson.nu\/index.php\/wp-json\/wp\/v2\/comments?post=10786"}],"version-history":[{"count":1,"href":"https:\/\/www.mariaabrahamsson.nu\/index.php\/wp-json\/wp\/v2\/posts\/10786\/revisions"}],"predecessor-version":[{"id":13632,"href":"https:\/\/www.mariaabrahamsson.nu\/index.php\/wp-json\/wp\/v2\/posts\/10786\/revisions\/13632"}],"wp:attachment":[{"href":"https:\/\/www.mariaabrahamsson.nu\/index.php\/wp-json\/wp\/v2\/media?parent=10786"}],"wp:term":[{"taxonomy":"category","embeddable":true,"href":"https:\/\/www.mariaabrahamsson.nu\/index.php\/wp-json\/wp\/v2\/categories?post=10786"},{"taxonomy":"post_tag","embeddable":true,"href":"https:\/\/www.mariaabrahamsson.nu\/index.php\/wp-json\/wp\/v2\/tags?post=10786"}],"curies":[{"name":"wp","href":"https:\/\/api.w.org\/{rel}","templated":true}]}}