{"id":10780,"date":"2014-11-15T16:17:57","date_gmt":"2014-11-15T15:17:57","guid":{"rendered":"http:\/\/www.mariaabrahamsson.nu\/?p=10780"},"modified":"2014-11-15T16:38:32","modified_gmt":"2014-11-15T15:38:32","slug":"vi-andra-ler-mot-mamman-och-barnet-och-mot-varandra","status":"publish","type":"post","link":"https:\/\/www.mariaabrahamsson.nu\/index.php\/2014\/11\/15\/vi-andra-ler-mot-mamman-och-barnet-och-mot-varandra\/","title":{"rendered":"Vi andra ler mot mamman och barnet, och mot varandra!"},"content":{"rendered":"<p><strong>Inget djupsinnigare \u00e4n<\/strong> att jag st\u00e5r d\u00e4r i k\u00f6n p\u00e5 Konsum. In kommer mamma med litet barn i sittvagn. Mamman uppm\u00e4rksammar killen i kassan p\u00e5 att han har slagit in en liter mj\u00f6lk f\u00f6r mycket. Mamman slinker in i butiken f\u00f6r att h\u00e4mta litern och hojtar till killen i kassan att h\u00e5lla koll p\u00e5 barnet.<\/p>\n<p>D\u00e5 h\u00e4nder det. I samma sekund som mamman f\u00f6rsvinner bort bland hyllorna b\u00f6rjar vi andra i k\u00f6n att stint stirra p\u00e5 barnet i vagnen, som in sin tur tittar tillbaka p\u00e5 ett g\u00e4ng gravallvarliga vuxna. Barnets huvud b\u00f6rjar snurra &#8211; oroligt, s\u00f6kande. Barnet genomlider m\u00e5h\u00e4nda just d\u00e5 ett trauma. Vad \u00e4r det som har h\u00e4nt?<\/p>\n<p><strong>S\u00e5 kommer mamman springande<\/strong> och ler mot sitt barn.<\/p>\n<p>Vi andra ler mot mamman och barnet, och mot varandra! S\u00e5 d\u00e4r h\u00e4rligt vardagslyckliga \u00f6ver att beh\u00f6vas och f\u00e5 ta ansvar, antar jag att det handlar om.<\/p>\n","protected":false},"excerpt":{"rendered":"<p>Inget djupsinnigare \u00e4n att jag st\u00e5r d\u00e4r i k\u00f6n p\u00e5 Konsum. In kommer mamma med litet barn i sittvagn. Mamman uppm\u00e4rksammar killen i kassan p\u00e5 att han har slagit in en liter mj\u00f6lk f\u00f6r mycket. Mamman slinker in i butiken f\u00f6r att h\u00e4mta litern och hojtar till killen i kassan att h\u00e5lla koll p\u00e5 barnet.&hellip;<\/p>\n<p class=\"more-link-p\"><a class=\"more-link\" href=\"https:\/\/www.mariaabrahamsson.nu\/index.php\/2014\/11\/15\/vi-andra-ler-mot-mamman-och-barnet-och-mot-varandra\/\">Read more &rarr;<\/a><\/p>\n","protected":false},"author":2,"featured_media":0,"comment_status":"open","ping_status":"open","sticky":false,"template":"","format":"standard","meta":{"footnotes":""},"categories":[1],"tags":[],"class_list":["post-10780","post","type-post","status-publish","format-standard","hentry","category-uncategorized"],"_links":{"self":[{"href":"https:\/\/www.mariaabrahamsson.nu\/index.php\/wp-json\/wp\/v2\/posts\/10780","targetHints":{"allow":["GET"]}}],"collection":[{"href":"https:\/\/www.mariaabrahamsson.nu\/index.php\/wp-json\/wp\/v2\/posts"}],"about":[{"href":"https:\/\/www.mariaabrahamsson.nu\/index.php\/wp-json\/wp\/v2\/types\/post"}],"author":[{"embeddable":true,"href":"https:\/\/www.mariaabrahamsson.nu\/index.php\/wp-json\/wp\/v2\/users\/2"}],"replies":[{"embeddable":true,"href":"https:\/\/www.mariaabrahamsson.nu\/index.php\/wp-json\/wp\/v2\/comments?post=10780"}],"version-history":[{"count":0,"href":"https:\/\/www.mariaabrahamsson.nu\/index.php\/wp-json\/wp\/v2\/posts\/10780\/revisions"}],"wp:attachment":[{"href":"https:\/\/www.mariaabrahamsson.nu\/index.php\/wp-json\/wp\/v2\/media?parent=10780"}],"wp:term":[{"taxonomy":"category","embeddable":true,"href":"https:\/\/www.mariaabrahamsson.nu\/index.php\/wp-json\/wp\/v2\/categories?post=10780"},{"taxonomy":"post_tag","embeddable":true,"href":"https:\/\/www.mariaabrahamsson.nu\/index.php\/wp-json\/wp\/v2\/tags?post=10780"}],"curies":[{"name":"wp","href":"https:\/\/api.w.org\/{rel}","templated":true}]}}