{"id":10676,"date":"2014-10-06T21:07:33","date_gmt":"2014-10-06T19:07:33","guid":{"rendered":"http:\/\/www.mariaabrahamsson.nu\/?p=10676"},"modified":"2020-11-01T18:39:42","modified_gmt":"2020-11-01T17:39:42","slug":"tryggheten-med-att-vara-medborgare-i-lofven-land","status":"publish","type":"post","link":"https:\/\/www.mariaabrahamsson.nu\/index.php\/2014\/10\/06\/tryggheten-med-att-vara-medborgare-i-lofven-land\/","title":{"rendered":"Tryggheten med att vara medborgare i L\u00f6fven-land"},"content":{"rendered":"<p><strong>I\u00a0fredags n\u00e4r<\/strong> Stefan L\u00f6fven hade avkunnat sin regeringsf\u00f6rklaring och avslutningsvis presenterat sin regering,\u00a0d\u00e5 hade jag ingen lust alls att st\u00e4va fram mellan b\u00e4nkraderna i kammaren och gratulera riksdagskolleger fr\u00e5n S och MP som just i den stunden upph\u00f6jts till statsr\u00e5d.<\/p>\n<p>D\u00e4refter har jag k\u00e4nt mig som en halvd\u00e5lig m\u00e4nniska, ja, eftersom jag inte har f\u00f6rm\u00e5tt mig att ens skenheligt s\u00e4tta mig \u00f6ver besvikelsen att v\u00e4ljarna i landet Sverige r\u00f6stade bort en regering som imponerar p\u00e5 v\u00e5r omv\u00e4rld f\u00f6r dess ekonomiska ansvarstagande, som har \u00f6kat syssels\u00e4ttningen, minskat utanf\u00f6rskapet, s\u00e4nkt skattetrycket, minskat skattefusket och \u00f6kat skatteint\u00e4kterna till staten och d\u00e4rmed st\u00e4rkt bland annat v\u00e4lf\u00e4rden.<\/p>\n<p><strong>Jo, det \u00e4r bittert.<\/strong><\/p>\n<p>Som om det inte vore nog\u00a0<a href=\"http:\/\/www.svt.se\/nyheter\/val2014\/rodgrona-ense-om-valfardsvinster?\">st\u00e5r<\/a>\u00a0Stefan L\u00f6fven i riksdagens pressrum tidigare i dag och g\u00f6r stort indignationsnummer av att v\u00e4lf\u00e4rden inte \u00e4r en marknad d\u00e4r &#8221;vi&#8221; \u00e4r reducerade till konsumenter. Nej, vi \u00e4r medborgare! Och statsminister L\u00f6fven l\u00e5ter som han l\u00e4ser innantill ur en riksdagsmotion signerad <a href=\"https:\/\/www.riksdagen.se\/sv\/Dokument-Lagar\/Forslag\/Motioner\/Medborgare--kund_H102K285\/?text=true\">H\u00e5kan Juholt<\/a>. N\u00e5got s\u00e4ger det om pressen som L\u00f6fven lever under. F\u00f6r Juholts motion g\u00e5r i princip ut p\u00e5 att du \u00e4r medborgare s\u00e5 l\u00e4nge du kan k\u00f6pa Alvedon p\u00e5 statligt apotek men f\u00f6rvandlas till simpel kund n\u00e4r du passerar kassan p\u00e5 Coop och g\u00f6r samma ink\u00f6p d\u00e4r. Nej, den motionen fann Juholt inte m\u00f6dan v\u00e4rd att g\u00e5 upp och f\u00f6rsvara i riksdagens talarstol. Det kan man ju f\u00f6rst\u00e5.<\/p>\n<p><strong>Men i kv\u00e4ll i tv-rutan<\/strong>\u00a0h\u00e4vdade allts\u00e5 v\u00e4nsterledaren Jonas Sj\u00f6stedt, med lika sammanpressad r\u00f6st som han har n\u00e4r han \u00e4r helt vansinnig av ilska, att han \u00e4r v\u00e4ldigt, v\u00e4ldigt glad f\u00f6r <a href=\"http:\/\/www.regeringen.se\/content\/1\/c6\/24\/74\/37\/99458b94.pdf\">uppg\u00f6relsen.<\/a><\/p>\n<p>Ja, det var en sm\u00e5tt historisk dag, fyllde v\u00e4nsterpartiets <a href=\"http:\/\/www.svt.se\/nyheter\/val2014\/rodgrona-ense-om-valfardsvinster?\">Ulla Andersson<\/a>\u00a0i.<\/p>\n<p><strong>Historisk? Jo vars.<\/strong> Uppg\u00f6relsen mot valfrihet som har uppn\u00e5tts mellan S, MP och V inneb\u00e4r att skolelever, deras f\u00f6r\u00e4ldrar, patienter, v\u00e5rdbeh\u00f6vande \u00e4ldre och deras anh\u00f6riga samt alla anst\u00e4llda p\u00e5 ber\u00f6rda v\u00e4lf\u00e4rdsf\u00f6retag, alla dessa m\u00e4nniskor har f\u00f6rpassats in i os\u00e4kerhet om vad som forts\u00e4ttningsvis g\u00e4ller med deras val av skola, sjukv\u00e5rd, \u00e4ldreboende, anst\u00e4llningar.<\/p>\n","protected":false},"excerpt":{"rendered":"<p>I\u00a0fredags n\u00e4r Stefan L\u00f6fven hade avkunnat sin regeringsf\u00f6rklaring och avslutningsvis presenterat sin regering,\u00a0d\u00e5 hade jag ingen lust alls att st\u00e4va fram mellan b\u00e4nkraderna i kammaren och gratulera riksdagskolleger fr\u00e5n S och MP som just i den stunden upph\u00f6jts till statsr\u00e5d. D\u00e4refter har jag k\u00e4nt mig som en halvd\u00e5lig m\u00e4nniska, ja, eftersom jag inte har f\u00f6rm\u00e5tt&hellip;<\/p>\n<p class=\"more-link-p\"><a class=\"more-link\" href=\"https:\/\/www.mariaabrahamsson.nu\/index.php\/2014\/10\/06\/tryggheten-med-att-vara-medborgare-i-lofven-land\/\">Read more &rarr;<\/a><\/p>\n","protected":false},"author":2,"featured_media":0,"comment_status":"open","ping_status":"open","sticky":false,"template":"","format":"standard","meta":{"footnotes":""},"categories":[1],"tags":[228],"class_list":["post-10676","post","type-post","status-publish","format-standard","hentry","category-uncategorized","tag-lofven"],"_links":{"self":[{"href":"https:\/\/www.mariaabrahamsson.nu\/index.php\/wp-json\/wp\/v2\/posts\/10676","targetHints":{"allow":["GET"]}}],"collection":[{"href":"https:\/\/www.mariaabrahamsson.nu\/index.php\/wp-json\/wp\/v2\/posts"}],"about":[{"href":"https:\/\/www.mariaabrahamsson.nu\/index.php\/wp-json\/wp\/v2\/types\/post"}],"author":[{"embeddable":true,"href":"https:\/\/www.mariaabrahamsson.nu\/index.php\/wp-json\/wp\/v2\/users\/2"}],"replies":[{"embeddable":true,"href":"https:\/\/www.mariaabrahamsson.nu\/index.php\/wp-json\/wp\/v2\/comments?post=10676"}],"version-history":[{"count":1,"href":"https:\/\/www.mariaabrahamsson.nu\/index.php\/wp-json\/wp\/v2\/posts\/10676\/revisions"}],"predecessor-version":[{"id":13637,"href":"https:\/\/www.mariaabrahamsson.nu\/index.php\/wp-json\/wp\/v2\/posts\/10676\/revisions\/13637"}],"wp:attachment":[{"href":"https:\/\/www.mariaabrahamsson.nu\/index.php\/wp-json\/wp\/v2\/media?parent=10676"}],"wp:term":[{"taxonomy":"category","embeddable":true,"href":"https:\/\/www.mariaabrahamsson.nu\/index.php\/wp-json\/wp\/v2\/categories?post=10676"},{"taxonomy":"post_tag","embeddable":true,"href":"https:\/\/www.mariaabrahamsson.nu\/index.php\/wp-json\/wp\/v2\/tags?post=10676"}],"curies":[{"name":"wp","href":"https:\/\/api.w.org\/{rel}","templated":true}]}}