{"id":10664,"date":"2014-09-30T18:54:39","date_gmt":"2014-09-30T16:54:39","guid":{"rendered":"http:\/\/www.mariaabrahamsson.nu\/?p=10664"},"modified":"2014-09-30T19:49:20","modified_gmt":"2014-09-30T17:49:20","slug":"helfel-dag-for-smp-utspel-och-da-kom-det-ett","status":"publish","type":"post","link":"https:\/\/www.mariaabrahamsson.nu\/index.php\/2014\/09\/30\/helfel-dag-for-smp-utspel-och-da-kom-det-ett\/","title":{"rendered":"Helfel dag f\u00f6r S\/MP-utspel &#8211; och d\u00e5 kom det ett &#8230;"},"content":{"rendered":"<p><a href=\"http:\/\/www.mariaabrahamsson.nu\/wp-content\/uploads\/2014\/09\/bild.jpg\"><img loading=\"lazy\" decoding=\"async\" class=\"alignright size-medium wp-image-10663\" src=\"http:\/\/www.mariaabrahamsson.nu\/wp-content\/uploads\/2014\/09\/bild-225x300.jpg\" alt=\"bild\" width=\"225\" height=\"300\" srcset=\"https:\/\/www.mariaabrahamsson.nu\/wp-content\/uploads\/2014\/09\/bild-225x300.jpg 225w, https:\/\/www.mariaabrahamsson.nu\/wp-content\/uploads\/2014\/09\/bild.jpg 240w\" sizes=\"auto, (max-width: 225px) 100vw, 225px\" \/><\/a><strong>F\u00f6rsta \u00e5tersamlingen i riksdagen<\/strong> var i m\u00e5ndags. Namnupprop. Riksdagskolleger av olika kul\u00f6rer kom d\u00e5 fram till mig och l\u00e4t f\u00f6rst\u00e5 att mina valaffischer h\u00e4ngde kvar vid Skeppsbron, i Gamla stan, p\u00e5 Djurg\u00e5rden, R\u00e5lambshovsparken &#8230;<\/p>\n<p>Som omvald lagstiftare blev jag s\u00e5 klart sv\u00e5rt stressad av tanken att inleda riksdags\u00e5ret med att \u00e5ka fast f\u00f6r olaga affischering. (L\u00e4ste en notis &#8211; s\u00e4kert i DN &#8211; att det faktiskt kan g\u00e5 s\u00e5 illa.)<\/p>\n<p><strong>Sagt och gjort.<\/strong> I f\u00f6rmiddags, f\u00f6re riksdagens h\u00f6gtidliga \u00f6ppnande, if\u00f6rd finkl\u00e4der, pinnade jag i v\u00e4g och avaffischerade &#8221;mina&#8221; tre lyktstolpar p\u00e5 Skeppsbron och den gammaldags stolpen p\u00e5 \u00d6sterl\u00e5nggatan i Gamla stan. D\u00e4r intill i gr\u00e4nden p\u00e5 en b\u00e4nk satt tv\u00e5 tjejer, jag fr\u00e5gade om n\u00e5gon av dem ville dokumentera tillf\u00e4llet. Det ville man, tack!<\/p>\n<p>P\u00e5 tjejernas dagsagenda stod inte riksdagens \u00f6ppnande &#8211; haha &#8211; nej, de satt d\u00e4r p\u00e5 b\u00e4nken i gr\u00e4nden och v\u00e4ntade p\u00e5 b\u00e4sta kompisarna. Tillsammans skulle de \u00e5ka till Globen och ladda inf\u00f6r kv\u00e4llen spelning med <a href=\"http:\/\/www.globearenas.se\/events\/detail\/ladygaga\">Lady Gagga<\/a>. (Jag \u00f6nskade dem s\u00e5 klart en trevlig kv\u00e4ll!)<\/p>\n<p><strong>Sj\u00e4lv \u00e5terv\u00e4nde jag<\/strong>\u00a0dock till riksdagshuset med \u00e5tta av mig (!) nedrivna valaffischer under armen. P\u00e5 plats d\u00e4r fixade jag lite i mitt nya tj\u00e4nsterum tills det var dags att ge sig iv\u00e4g till Storkyrkan och gudstj\u00e4nsten som traditionsenligt h\u00e5lls i samband med Riksm\u00f6tets \u00f6ppnande. Jag l\u00e4mnade f\u00f6rvisso Svenska kyrkan f\u00f6r 30 \u00e5r sedan men det betyder inte att jag \u00e4r ointresserad av vad Sveriges \u00e4rkebiskop har att s\u00e4ga till landets h\u00f6gsta beslutande f\u00f6rsamling. \u00c4rkebiskop Antje Jackel\u00e9n l\u00e4mnade mig inte ober\u00f6rd, tv\u00e4rtom, rekommenderar lyssning av hennes predikan <a href=\"http:\/\/www.svenskakyrkan.se\/1177235\">h\u00e4r<\/a>!\u00a0Sj\u00e4lv s\u00f6g jag girigt i mig att m\u00e5nga nu ber ocks\u00e5 f\u00f6r mig. Det kan beh\u00f6vas.<\/p>\n<p>Vad mer att s\u00e4ga om denna m\u00e4rkv\u00e4rdiga dag i demokratins tj\u00e4nst?<\/p>\n<p><strong>Jo, i skuggan<\/strong> av <a href=\"http:\/\/www.kungahuset.se\/kungafamiljen\/hmkonungcarlxvigustaf\/tal\/hmkaretstal\/hmkonungenstalvidriksmotetsoppnande2014.5.4c3e6be7147afe8bc9fd14b.html\">Kungens h\u00f6gtidliga \u00f6ppnande<\/a> av Sveriges riksdag l\u00e5ter Stefan L\u00f6fven och Milj\u00f6partiet meddela att man har gjort upp om att hota det svenska n\u00e4ringslivet med lagstiftad kvotering av kvinnor till bolagsstyrelse, och man vill inf\u00f6ra en<a href=\"http:\/\/sverigesradio.se\/sida\/artikel.aspx?programid=83&amp;artikel=5978734\"> tredje pappam\u00e5nad<\/a>.<\/p>\n<p>Bara jag som drar slutsatsen att om Socialdemokraterna och Stefan L\u00f6fven hade velat ha fullt mediagenomslag kring dagens S-MP-utspel, d\u00e5 hade man valt en annan utspelsdag?<\/p>\n<p>&nbsp;<\/p>\n<p>&nbsp;<\/p>\n","protected":false},"excerpt":{"rendered":"<p>F\u00f6rsta \u00e5tersamlingen i riksdagen var i m\u00e5ndags. Namnupprop. Riksdagskolleger av olika kul\u00f6rer kom d\u00e5 fram till mig och l\u00e4t f\u00f6rst\u00e5 att mina valaffischer h\u00e4ngde kvar vid Skeppsbron, i Gamla stan, p\u00e5 Djurg\u00e5rden, R\u00e5lambshovsparken &#8230; Som omvald lagstiftare blev jag s\u00e5 klart sv\u00e5rt stressad av tanken att inleda riksdags\u00e5ret med att \u00e5ka fast f\u00f6r olaga affischering.&hellip;<\/p>\n<p class=\"more-link-p\"><a class=\"more-link\" href=\"https:\/\/www.mariaabrahamsson.nu\/index.php\/2014\/09\/30\/helfel-dag-for-smp-utspel-och-da-kom-det-ett\/\">Read more &rarr;<\/a><\/p>\n","protected":false},"author":2,"featured_media":10663,"comment_status":"open","ping_status":"open","sticky":false,"template":"","format":"standard","meta":{"footnotes":""},"categories":[1],"tags":[],"class_list":["post-10664","post","type-post","status-publish","format-standard","has-post-thumbnail","hentry","category-uncategorized"],"_links":{"self":[{"href":"https:\/\/www.mariaabrahamsson.nu\/index.php\/wp-json\/wp\/v2\/posts\/10664","targetHints":{"allow":["GET"]}}],"collection":[{"href":"https:\/\/www.mariaabrahamsson.nu\/index.php\/wp-json\/wp\/v2\/posts"}],"about":[{"href":"https:\/\/www.mariaabrahamsson.nu\/index.php\/wp-json\/wp\/v2\/types\/post"}],"author":[{"embeddable":true,"href":"https:\/\/www.mariaabrahamsson.nu\/index.php\/wp-json\/wp\/v2\/users\/2"}],"replies":[{"embeddable":true,"href":"https:\/\/www.mariaabrahamsson.nu\/index.php\/wp-json\/wp\/v2\/comments?post=10664"}],"version-history":[{"count":0,"href":"https:\/\/www.mariaabrahamsson.nu\/index.php\/wp-json\/wp\/v2\/posts\/10664\/revisions"}],"wp:featuredmedia":[{"embeddable":true,"href":"https:\/\/www.mariaabrahamsson.nu\/index.php\/wp-json\/wp\/v2\/media\/10663"}],"wp:attachment":[{"href":"https:\/\/www.mariaabrahamsson.nu\/index.php\/wp-json\/wp\/v2\/media?parent=10664"}],"wp:term":[{"taxonomy":"category","embeddable":true,"href":"https:\/\/www.mariaabrahamsson.nu\/index.php\/wp-json\/wp\/v2\/categories?post=10664"},{"taxonomy":"post_tag","embeddable":true,"href":"https:\/\/www.mariaabrahamsson.nu\/index.php\/wp-json\/wp\/v2\/tags?post=10664"}],"curies":[{"name":"wp","href":"https:\/\/api.w.org\/{rel}","templated":true}]}}