{"id":10637,"date":"2014-09-24T10:27:52","date_gmt":"2014-09-24T08:27:52","guid":{"rendered":"http:\/\/www.mariaabrahamsson.nu\/?p=10637"},"modified":"2020-11-01T18:40:48","modified_gmt":"2020-11-01T17:40:48","slug":"lofven-ska-staten-aterkopa-apoteken","status":"publish","type":"post","link":"https:\/\/www.mariaabrahamsson.nu\/index.php\/2014\/09\/24\/lofven-ska-staten-aterkopa-apoteken\/","title":{"rendered":"L\u00f6fven &#8211; ska staten \u00e5terk\u00f6pa apoteken?"},"content":{"rendered":"<p><strong>Nu svettas Stefan L\u00f6fven<\/strong>\u00a0med uppgiften att f\u00f6rhandla fram en S-ledd regering tillsammans med\u00a0MP och med st\u00f6d av V.<\/p>\n<p>Bara jag som undrar om de nya apoteksf\u00f6retagen och dess personal ocks\u00e5 svettas? F\u00f6r hur blir det nu med apoteken? Erinrar mig att ministerkandidaten Ylva Johansson h\u00e4rom\u00e5ret <a href=\"http:\/\/www.dagensmedicin.se\/nyheter\/ylva-johansson-oppnar-for-aterkop-av-apotek-efter-valet\/\">menade <\/a>att vid en socialdemokratiskt valseger b\u00f6r staten riva upp avregleringen av apoteksmonopolet och \u00e5terk\u00f6pa (dvs tv\u00e5ngsinl\u00f6sa) apoteken.<\/p>\n<p><strong>Hur blir det <\/strong>med den saken? \u00a0Vad Ylva Johansson tycker \u00e4r k\u00e4nt, likas\u00e5 vad Jonas Sj\u00f6stedt t\u00e4nker, men vad s\u00e4ger Stefan L\u00f6fven?<\/p>\n","protected":false},"excerpt":{"rendered":"<p>Nu svettas Stefan L\u00f6fven\u00a0med uppgiften att f\u00f6rhandla fram en S-ledd regering tillsammans med\u00a0MP och med st\u00f6d av V. Bara jag som undrar om de nya apoteksf\u00f6retagen och dess personal ocks\u00e5 svettas? F\u00f6r hur blir det nu med apoteken? Erinrar mig att ministerkandidaten Ylva Johansson h\u00e4rom\u00e5ret menade att vid en socialdemokratiskt valseger b\u00f6r staten riva upp&hellip;<\/p>\n<p class=\"more-link-p\"><a class=\"more-link\" href=\"https:\/\/www.mariaabrahamsson.nu\/index.php\/2014\/09\/24\/lofven-ska-staten-aterkopa-apoteken\/\">Read more &rarr;<\/a><\/p>\n","protected":false},"author":2,"featured_media":0,"comment_status":"open","ping_status":"open","sticky":false,"template":"","format":"standard","meta":{"footnotes":""},"categories":[1],"tags":[228],"class_list":["post-10637","post","type-post","status-publish","format-standard","hentry","category-uncategorized","tag-lofven"],"_links":{"self":[{"href":"https:\/\/www.mariaabrahamsson.nu\/index.php\/wp-json\/wp\/v2\/posts\/10637","targetHints":{"allow":["GET"]}}],"collection":[{"href":"https:\/\/www.mariaabrahamsson.nu\/index.php\/wp-json\/wp\/v2\/posts"}],"about":[{"href":"https:\/\/www.mariaabrahamsson.nu\/index.php\/wp-json\/wp\/v2\/types\/post"}],"author":[{"embeddable":true,"href":"https:\/\/www.mariaabrahamsson.nu\/index.php\/wp-json\/wp\/v2\/users\/2"}],"replies":[{"embeddable":true,"href":"https:\/\/www.mariaabrahamsson.nu\/index.php\/wp-json\/wp\/v2\/comments?post=10637"}],"version-history":[{"count":1,"href":"https:\/\/www.mariaabrahamsson.nu\/index.php\/wp-json\/wp\/v2\/posts\/10637\/revisions"}],"predecessor-version":[{"id":13638,"href":"https:\/\/www.mariaabrahamsson.nu\/index.php\/wp-json\/wp\/v2\/posts\/10637\/revisions\/13638"}],"wp:attachment":[{"href":"https:\/\/www.mariaabrahamsson.nu\/index.php\/wp-json\/wp\/v2\/media?parent=10637"}],"wp:term":[{"taxonomy":"category","embeddable":true,"href":"https:\/\/www.mariaabrahamsson.nu\/index.php\/wp-json\/wp\/v2\/categories?post=10637"},{"taxonomy":"post_tag","embeddable":true,"href":"https:\/\/www.mariaabrahamsson.nu\/index.php\/wp-json\/wp\/v2\/tags?post=10637"}],"curies":[{"name":"wp","href":"https:\/\/api.w.org\/{rel}","templated":true}]}}