{"id":10555,"date":"2014-08-11T11:49:01","date_gmt":"2014-08-11T09:49:01","guid":{"rendered":"http:\/\/www.mariaabrahamsson.nu\/?p=10555"},"modified":"2014-08-11T12:19:40","modified_gmt":"2014-08-11T10:19:40","slug":"apropa-skogsbrander-och-utforsaljning-av-valfarden","status":"publish","type":"post","link":"https:\/\/www.mariaabrahamsson.nu\/index.php\/2014\/08\/11\/apropa-skogsbrander-och-utforsaljning-av-valfarden\/","title":{"rendered":"Aprop\u00e5 skogsbr\u00e4nder och utf\u00f6rs\u00e4ljning av v\u00e4lf\u00e4rden"},"content":{"rendered":"<p><strong>I den v\u00e4rml\u00e4ndska skogen<\/strong>\u00a0\u00e4r f\u00f6r\u00f6delsen omfattande efter <a href=\"http:\/\/www.vf.se\/nyheter\/allman\/grasmark-varst-drabbat-av-stormen\">tromben<\/a> som drog fram f\u00f6rra veckan. Men h\u00f6r och h\u00e4pna &#8211; tanken har inte slagit mig att det kan vara alliansregeringens fel att det n\u00e4stan \u00e4r f\u00f6renat med livsfara att kryssa sig fram mellan vindf\u00e4llena f\u00f6r att n\u00e5 utedasset. Tankesk\u00e4rpan hos Aftonbladets vanligtvis s\u00e5 kloka Irene Wennemo tycks\u00a0d\u00e4remot ha avtrubbats i sp\u00e5ren av\u00a0den v\u00e5ldsamma skogsbranden i V\u00e4stmanland. P\u00e5 som det verkar fullt allvar lanserar Wennemo teorin att regeringen Reinfeldts politik \u00e4r avpassad f\u00f6r <a href=\"http:\/\/www.aftonbladet.se\/ledare\/ledarkronika\/irenewennemo\/article19336705.ab\">&#8221;lagomv\u00e4der&#8221;<\/a>, och som bevis anf\u00f6rs vinterns t\u00e5gst\u00f6rningar och &#8211; just det &#8211; skogsbranden i V\u00e4stmanland. Mina associationer snirklar vidare till <a href=\"http:\/\/www.krisinformation.se\/web\/Pages\/SubStartPage____73994.aspx\">orkanen Gudrun<\/a>\u00a0som 2005 \u00f6delade stora delar av s\u00f6dra Sverige \u2026 under regeringsledning av vem?<\/p>\n<p>Gissar att Wennemos tonl\u00e4ge bara \u00e4r en f\u00f6rsmak p\u00e5 vad som v\u00e4ntar oss i valr\u00f6relse. Allt fr\u00e5n skogsbr\u00e4nder och t\u00e5gstopp till konflikten i Ukraina h\u00e4nger ihop med att &#8211; som Wennemo <a href=\"http:\/\/www.aftonbladet.se\/ledare\/ledarkronika\/irenewennemo\/article19336705.ab\">skriver<\/a> &#8211; &#8221;det gemensamma har drabbats n\u00e4r skattes\u00e4nkningar varit det prioriterade projektet&#8221;.<\/p>\n<p><a href=\"http:\/\/www.mariaabrahamsson.nu\/wp-content\/uploads\/2014\/08\/Brevbilaga-9.jpeg\"><img loading=\"lazy\" decoding=\"async\" class=\"alignleft size-medium wp-image-10560\" src=\"http:\/\/www.mariaabrahamsson.nu\/wp-content\/uploads\/2014\/08\/Brevbilaga-9-300x168.jpeg\" alt=\"Brevbilaga-9\" width=\"300\" height=\"168\" srcset=\"https:\/\/www.mariaabrahamsson.nu\/wp-content\/uploads\/2014\/08\/Brevbilaga-9-300x168.jpeg 300w, https:\/\/www.mariaabrahamsson.nu\/wp-content\/uploads\/2014\/08\/Brevbilaga-9.jpeg 960w\" sizes=\"auto, (max-width: 300px) 100vw, 300px\" \/><\/a><strong>Anklagelserna mot Alliansen <\/strong>f\u00f6r dess genomf\u00f6rda skattes\u00e4nkningar var ocks\u00e5 ett tema i mitt sommartal i torsdags hos\u00a0<a href=\"http:\/\/www.sturesbageri.se\">Stures<\/a> i Loftahammar (bilden). H\u00e4r n\u00e5gra rader i repris:<\/p>\n<p><em>\u201dSkattes\u00e4nkningarna urholkar v\u00e4lf\u00e4rden\u201d, trummas in fr\u00e5n det socialistiska l\u00e4gret. Bit f\u00f6r bit har Alliansen monterat ner V\u00e4lf\u00e4rdssverige f\u00f6r att i st\u00e4llet kunna s\u00e4nka skatten f\u00f6r dom redan rika.<\/em><\/p>\n<p><em><strong>Men inget kunde vara mera fel.<\/strong> Skattes\u00e4nkningarna har lett till att fler arbetar, drygt 250 000 fler m\u00e4nniskor har i dag ett jobb att g\u00e5 till j\u00e4mf\u00f6rt med 2006. Jobb som tidigare utf\u00f6rdes svart eller inte alls, utf\u00f6rs nu av m\u00e4nniskor &#8211; m\u00e5nga g\u00e5nger tidigare arbetsl\u00f6sa &#8211; som arbetar vitt och betalar skatt. Skattemoralen har h\u00f6jts i takt med att skatterna har s\u00e4nkts&#8221;. <\/em><\/p>\n<p>F\u00f6r att ge eftertryck \u00e5t de orden h\u00e4nvisade jag till att Skatteverkets\u00a0<a href=\"http:\/\/sverigesradio.se\/sida\/artikel.aspx?programid=93&amp;artikel=5235693\">konstaterande<\/a>\u00a0halvtid in i den nu snart genomf\u00f6rda mandatperioden. N\u00e4mligen att skattemoralen har st\u00e4rkts i takt med att skattetrycket har l\u00e4ttat.<\/p>\n<p><strong>Man beh\u00f6ver inte var Albert Einstein<\/strong>\u00a0&#8211; eller Anders Borg f\u00f6r den delen &#8211; f\u00f6r att begripa att n\u00e4r fler arbetar och betalar skatt , d\u00e5 \u00f6kar skatteint\u00e4kterna s\u00e5 att st\u00f6rre resurser kan l\u00e4ggas p\u00e5 v\u00e4lf\u00e4rden. Mer konkret, l\u00e4s Per Gudmundson i <a href=\"http:\/\/www.svd.se\/opinion\/ledarsidan\/valrorelsens-tio-stora-myter_3801594.svd\">SvD <\/a>\u00a0och l\u00e4gg p\u00e5 minnet att\u00a02006 l\u00e5g de kommunala skatteint\u00e4kterna p\u00e5 454 miljarder kronor, 2013 hade de stigit till 600 miljarder. Det vill s\u00e4ga\u00a0146 miljarder kronor mer till kommunerna.<\/p>\n<p>Och motsatsvis &#8211; n\u00e4r antalet arbetade timmar minskar, d\u00e5 minskar ocks\u00e5 skatteint\u00e4kterna till staten, kommunerna och landstingen. Nya ber\u00e4kningar fr\u00e5n Riksdagens utredningstj\u00e4nst visar att en arbetstidsf\u00f6rkortning p\u00e5 fem respektive tio timmar i veckan \u2013 som Milj\u00f6partiet respektive V\u00e4nsterpartiet och Feministiskt initiativ vill ha \u2013 inneb\u00e4r ett samlat \u00e5rligt skattebortfall f\u00f6r hela landet p\u00e5 cirka 155 miljarder respektive 310 miljarder kronor.<\/p>\n<p><strong>F\u00f6r att ge en uppfattning<\/strong> om vilka belopp det handlar om s\u00e5 uppg\u00e5r r\u00e4ttsv\u00e4sendets totala anslag 2014 till cirka 40 miljarder, f\u00f6rsvarets cirka 50 miljarder, det internationella bist\u00e5ndet till 30 miljarder. P\u00e5 kommun- och landstingsniv\u00e5 m\u00e5ste notan f\u00f6r inkomstbortfallet betalas med indragna l\u00e4rartj\u00e4nster och f\u00e4rre hj\u00e4lpande h\u00e4nder i v\u00e5rden och omsorgen.<\/p>\n<p>S\u00e5 till Irene Wennemo och andra svartm\u00e5lare inom v\u00e4nstern, sluta struntprata om att &#8221;det gemensamma har drabbats n\u00e4r skattes\u00e4nkningar varit det prioriterade projektet&#8221;. V\u00e4ljarna \u00e4r inga pappskallar, folk i gemen begriper att f\u00e4rre arbetade timmar leder till uteblivna v\u00e4lf\u00e4rdssatsningar. Och p\u00e5 motsvarande s\u00e4tt &#8211; att Alliansens jobb- och skattereformer, som hittills har inneburit 146 miljarder mer skattekronor till kommunerna, \u00f6kar deras ekonomiska utrymme f\u00f6r att kunna satsa p\u00e5 skolan, v\u00e5rden, omsorgen &#8211; v\u00e4lf\u00e4rden. Att sedan kommunpolitiker i uppm\u00e4rksammade fall spelar bort skattebetalarnas pengar p\u00e5 tokprojekt som klotterplank och svindyra arenabyggen \u00e4r en annan och f\u00f6rmodligen oundviklig femma.<\/p>\n<p><strong>Men bara s\u00e5 att <\/strong>vi har det klart f\u00f6r oss &#8211; regeringen Reinfeldt har inte s\u00e5lt ut v\u00e4lf\u00e4rden.<\/p>\n<p>&nbsp;<\/p>\n","protected":false},"excerpt":{"rendered":"<p>I den v\u00e4rml\u00e4ndska skogen\u00a0\u00e4r f\u00f6r\u00f6delsen omfattande efter tromben som drog fram f\u00f6rra veckan. Men h\u00f6r och h\u00e4pna &#8211; tanken har inte slagit mig att det kan vara alliansregeringens fel att det n\u00e4stan \u00e4r f\u00f6renat med livsfara att kryssa sig fram mellan vindf\u00e4llena f\u00f6r att n\u00e5 utedasset. Tankesk\u00e4rpan hos Aftonbladets vanligtvis s\u00e5 kloka Irene Wennemo tycks\u00a0d\u00e4remot&hellip;<\/p>\n<p class=\"more-link-p\"><a class=\"more-link\" href=\"https:\/\/www.mariaabrahamsson.nu\/index.php\/2014\/08\/11\/apropa-skogsbrander-och-utforsaljning-av-valfarden\/\">Read more &rarr;<\/a><\/p>\n","protected":false},"author":2,"featured_media":0,"comment_status":"open","ping_status":"open","sticky":false,"template":"","format":"standard","meta":{"footnotes":""},"categories":[1],"tags":[],"class_list":["post-10555","post","type-post","status-publish","format-standard","hentry","category-uncategorized"],"_links":{"self":[{"href":"https:\/\/www.mariaabrahamsson.nu\/index.php\/wp-json\/wp\/v2\/posts\/10555","targetHints":{"allow":["GET"]}}],"collection":[{"href":"https:\/\/www.mariaabrahamsson.nu\/index.php\/wp-json\/wp\/v2\/posts"}],"about":[{"href":"https:\/\/www.mariaabrahamsson.nu\/index.php\/wp-json\/wp\/v2\/types\/post"}],"author":[{"embeddable":true,"href":"https:\/\/www.mariaabrahamsson.nu\/index.php\/wp-json\/wp\/v2\/users\/2"}],"replies":[{"embeddable":true,"href":"https:\/\/www.mariaabrahamsson.nu\/index.php\/wp-json\/wp\/v2\/comments?post=10555"}],"version-history":[{"count":0,"href":"https:\/\/www.mariaabrahamsson.nu\/index.php\/wp-json\/wp\/v2\/posts\/10555\/revisions"}],"wp:attachment":[{"href":"https:\/\/www.mariaabrahamsson.nu\/index.php\/wp-json\/wp\/v2\/media?parent=10555"}],"wp:term":[{"taxonomy":"category","embeddable":true,"href":"https:\/\/www.mariaabrahamsson.nu\/index.php\/wp-json\/wp\/v2\/categories?post=10555"},{"taxonomy":"post_tag","embeddable":true,"href":"https:\/\/www.mariaabrahamsson.nu\/index.php\/wp-json\/wp\/v2\/tags?post=10555"}],"curies":[{"name":"wp","href":"https:\/\/api.w.org\/{rel}","templated":true}]}}