{"id":1055,"date":"2010-01-19T18:33:03","date_gmt":"2010-01-19T18:33:03","guid":{"rendered":"http:\/\/www.mariaabrahamsson.nu\/?p=1055"},"modified":"2010-01-19T18:35:21","modified_gmt":"2010-01-19T18:35:21","slug":"sa-vek-mina-oron-ner-sig-aven-for-veronica-palm","status":"publish","type":"post","link":"https:\/\/www.mariaabrahamsson.nu\/index.php\/2010\/01\/19\/sa-vek-mina-oron-ner-sig-aven-for-veronica-palm\/","title":{"rendered":"S\u00e5 vek mina \u00f6ron ner sig \u00e4ven f\u00f6r Veronica Palm"},"content":{"rendered":"<p><strong>Socialdemokraten Ylva<\/strong> Johanssons <a href=\"http:\/\/www.sr.se\/webbradio\/?type=db&amp;Id=2161020&amp;BroadcastDate=&amp;IsBlock=0\">konstant uppr\u00f6rda<\/a> st\u00e4mma har f\u00e5tt mig att st\u00e4nga \u00f6ronen f\u00f6r l\u00e4nge sedan. Fr\u00e5n och med i dag \u00e4r jag d\u00f6v \u00e4ven f\u00f6r Veronica Palm. <a href=\"http:\/\/www.sr.se\/webbradio\/?type=db&amp;Id=2161426&amp;BroadcastDate=&amp;IsBlock=0\">Lyssna h\u00e4r<\/a> och du f\u00f6rst\u00e5r varf\u00f6r.<\/p>\n<p>Om n\u00e5gon till \u00e4ventyrs inte har hunnit dissekera oppositionens hotfulla dagsutspel om tillbakarullning av arbetslinjen s\u00e5 bjuder socialf\u00f6rs\u00e4kringsutskottets ordf\u00f6rande Gunnar Ax\u00e9n p\u00e5 en klarg\u00f6rande <a href=\"http:\/\/gunnaraxen.blogspot.com\/2010\/01\/vansterkartellens-illusionstrick.html\">genomg\u00e5ng och analys<\/a>.<\/p>\n<p><strong>Ja, allts\u00e5 samme <\/strong>Gunnar Ax\u00e9n som hela h\u00f6sten och vintern snudd p\u00e5 dagligen har figurerat i radio och tv och v\u00e4grat att ducka f\u00f6r rallarsvingarna mot regeringens politik. Imponerande, Gunnar!<\/p>\n","protected":false},"excerpt":{"rendered":"<p>Socialdemokraten Ylva Johanssons konstant uppr\u00f6rda st\u00e4mma har f\u00e5tt mig att st\u00e4nga \u00f6ronen f\u00f6r l\u00e4nge sedan. Fr\u00e5n och med i dag \u00e4r jag d\u00f6v \u00e4ven f\u00f6r Veronica Palm. Lyssna h\u00e4r och du f\u00f6rst\u00e5r varf\u00f6r. Om n\u00e5gon till \u00e4ventyrs inte har hunnit dissekera oppositionens hotfulla dagsutspel om tillbakarullning av arbetslinjen s\u00e5 bjuder socialf\u00f6rs\u00e4kringsutskottets ordf\u00f6rande Gunnar Ax\u00e9n p\u00e5&hellip;<\/p>\n<p class=\"more-link-p\"><a class=\"more-link\" href=\"https:\/\/www.mariaabrahamsson.nu\/index.php\/2010\/01\/19\/sa-vek-mina-oron-ner-sig-aven-for-veronica-palm\/\">Read more &rarr;<\/a><\/p>\n","protected":false},"author":2,"featured_media":0,"comment_status":"open","ping_status":"open","sticky":false,"template":"","format":"standard","meta":{"footnotes":""},"categories":[1],"tags":[],"class_list":["post-1055","post","type-post","status-publish","format-standard","hentry","category-uncategorized"],"_links":{"self":[{"href":"https:\/\/www.mariaabrahamsson.nu\/index.php\/wp-json\/wp\/v2\/posts\/1055","targetHints":{"allow":["GET"]}}],"collection":[{"href":"https:\/\/www.mariaabrahamsson.nu\/index.php\/wp-json\/wp\/v2\/posts"}],"about":[{"href":"https:\/\/www.mariaabrahamsson.nu\/index.php\/wp-json\/wp\/v2\/types\/post"}],"author":[{"embeddable":true,"href":"https:\/\/www.mariaabrahamsson.nu\/index.php\/wp-json\/wp\/v2\/users\/2"}],"replies":[{"embeddable":true,"href":"https:\/\/www.mariaabrahamsson.nu\/index.php\/wp-json\/wp\/v2\/comments?post=1055"}],"version-history":[{"count":0,"href":"https:\/\/www.mariaabrahamsson.nu\/index.php\/wp-json\/wp\/v2\/posts\/1055\/revisions"}],"wp:attachment":[{"href":"https:\/\/www.mariaabrahamsson.nu\/index.php\/wp-json\/wp\/v2\/media?parent=1055"}],"wp:term":[{"taxonomy":"category","embeddable":true,"href":"https:\/\/www.mariaabrahamsson.nu\/index.php\/wp-json\/wp\/v2\/categories?post=1055"},{"taxonomy":"post_tag","embeddable":true,"href":"https:\/\/www.mariaabrahamsson.nu\/index.php\/wp-json\/wp\/v2\/tags?post=1055"}],"curies":[{"name":"wp","href":"https:\/\/api.w.org\/{rel}","templated":true}]}}