{"id":10543,"date":"2014-07-29T20:29:36","date_gmt":"2014-07-29T18:29:36","guid":{"rendered":"http:\/\/www.mariaabrahamsson.nu\/?p=10543"},"modified":"2020-11-01T18:50:17","modified_gmt":"2020-11-01T17:50:17","slug":"inte-bara-moderater-ser-med-bavan-fram-emot-lofvens-besked","status":"publish","type":"post","link":"https:\/\/www.mariaabrahamsson.nu\/index.php\/2014\/07\/29\/inte-bara-moderater-ser-med-bavan-fram-emot-lofvens-besked\/","title":{"rendered":"Inte bara moderater ser med b\u00e4van fram emot L\u00f6fvens besked"},"content":{"rendered":"<p><strong>Solen str\u00e5lar, krassen blommar, och<\/strong> det k\u00e4nns som om sommaren aldrig ska ta slut. Men valr\u00f6relsen \u00e4r inte l\u00e5ngt borta, och jag ligger i startgroparna. Inte s\u00e5 att jag i den solvarma poolen eller i den uttorkade svampskogen svettas fram f\u00e4rdiga politiska utspel men nog f\u00f6rbereder jag en hel del aktiviteter, det medges. Via riksdagens resebyr\u00e5 har jag till exempel denna dag bokat flyg till Visby 18\/8 d\u00e4r jag och partikompisar ska kampanja och g\u00f6ra f\u00f6retagsbes\u00f6k.<\/p>\n<p>N\u00e4rmast f\u00f6rest\u00e5ende p\u00e5 politikfronten \u00e4r dock ett sommartal hos <a href=\"http:\/\/www.sturesbageri.se\/34068052\">Stures i Loftahammar<\/a>\u00a0den 7 augusti. Ska tala p\u00e5 temat\u00a0<em>Om valet g\u00e5r som jag vill<\/em>. Jo, jag har &#8221;l\u00e5nat&#8221; rubriken av favoritsossen\u00a0Widar Anderssons\u00a0sommardebatt i\u00a0<a href=\"http:\/\/www.folkbladet.se\">Folkbladet<\/a>. Medverkar f\u00f6rresten sj\u00e4lv d\u00e4r, med ett bidrag som kan l\u00e4sas\u00a0<a href=\"http:\/\/www.folkbladet.se\/nyheter\/?articleid=7167801\">h\u00e4r.<\/a><\/p>\n<p><strong>Men det \u00e4r klart<\/strong> att n\u00e4r s\u00e5 m\u00e5nga oskyldiga m\u00e4nniskoliv i Gaza och Ukraina har g\u00e5tt till spillo och fortfarande g\u00f6r s\u00e5 \u00e4r det inte l\u00e4tt att just uppb\u00e5da det d\u00e4r riktigt starka inrikespolitiska engagemanget. \u00c4nd\u00e5 vet vi ju att det vore en nationell och kanske mer \u00e4n s\u00e5 olycka om sossarna vinner valet i h\u00f6st. Fram till dess l\u00e4r det f\u00f6rbli oklart med vilka S t\u00e4nker utforma sin politik och statsfinansiella budget, vilket i sin tur har betydelse f\u00f6r hur solidariskt Sverige i framtiden kommer att ha r\u00e5d vara gentemot akut n\u00f6dlidande i v\u00e5r omv\u00e4rld. Om MP, V och Fi ska vara med och best\u00e4mma m\u00e5ste vi till exempel r\u00e4kna med en radikal f\u00f6r\u00e4ndring av Sveriges palestinapolitik, d\u00e4r det hittills genom \u00e5ren har r\u00e5tt n\u00e5gorlunda konsensus mellan S och M.<\/p>\n<p>M\u00e5nga &#8211; inte bara moderater &#8211; har sk\u00e4l att med viss b\u00e4van se fram emot Stefan L\u00f6fvens besked till t\u00e4nkbara samarbetspartners.<\/p>\n","protected":false},"excerpt":{"rendered":"<p>Solen str\u00e5lar, krassen blommar, och det k\u00e4nns som om sommaren aldrig ska ta slut. Men valr\u00f6relsen \u00e4r inte l\u00e5ngt borta, och jag ligger i startgroparna. Inte s\u00e5 att jag i den solvarma poolen eller i den uttorkade svampskogen svettas fram f\u00e4rdiga politiska utspel men nog f\u00f6rbereder jag en hel del aktiviteter, det medges. Via riksdagens&hellip;<\/p>\n<p class=\"more-link-p\"><a class=\"more-link\" href=\"https:\/\/www.mariaabrahamsson.nu\/index.php\/2014\/07\/29\/inte-bara-moderater-ser-med-bavan-fram-emot-lofvens-besked\/\">Read more &rarr;<\/a><\/p>\n","protected":false},"author":2,"featured_media":0,"comment_status":"open","ping_status":"open","sticky":false,"template":"","format":"standard","meta":{"footnotes":""},"categories":[1],"tags":[228,264],"class_list":["post-10543","post","type-post","status-publish","format-standard","hentry","category-uncategorized","tag-lofven","tag-politikerlivet"],"_links":{"self":[{"href":"https:\/\/www.mariaabrahamsson.nu\/index.php\/wp-json\/wp\/v2\/posts\/10543","targetHints":{"allow":["GET"]}}],"collection":[{"href":"https:\/\/www.mariaabrahamsson.nu\/index.php\/wp-json\/wp\/v2\/posts"}],"about":[{"href":"https:\/\/www.mariaabrahamsson.nu\/index.php\/wp-json\/wp\/v2\/types\/post"}],"author":[{"embeddable":true,"href":"https:\/\/www.mariaabrahamsson.nu\/index.php\/wp-json\/wp\/v2\/users\/2"}],"replies":[{"embeddable":true,"href":"https:\/\/www.mariaabrahamsson.nu\/index.php\/wp-json\/wp\/v2\/comments?post=10543"}],"version-history":[{"count":1,"href":"https:\/\/www.mariaabrahamsson.nu\/index.php\/wp-json\/wp\/v2\/posts\/10543\/revisions"}],"predecessor-version":[{"id":13645,"href":"https:\/\/www.mariaabrahamsson.nu\/index.php\/wp-json\/wp\/v2\/posts\/10543\/revisions\/13645"}],"wp:attachment":[{"href":"https:\/\/www.mariaabrahamsson.nu\/index.php\/wp-json\/wp\/v2\/media?parent=10543"}],"wp:term":[{"taxonomy":"category","embeddable":true,"href":"https:\/\/www.mariaabrahamsson.nu\/index.php\/wp-json\/wp\/v2\/categories?post=10543"},{"taxonomy":"post_tag","embeddable":true,"href":"https:\/\/www.mariaabrahamsson.nu\/index.php\/wp-json\/wp\/v2\/tags?post=10543"}],"curies":[{"name":"wp","href":"https:\/\/api.w.org\/{rel}","templated":true}]}}