{"id":10526,"date":"2014-07-11T21:19:43","date_gmt":"2014-07-11T19:19:43","guid":{"rendered":"http:\/\/www.mariaabrahamsson.nu\/?p=10526"},"modified":"2020-11-01T18:48:52","modified_gmt":"2020-11-01T17:48:52","slug":"sa-avslutar-bosse-med-slangen-marks-att-du-ar-moderat-men-sa-enkelt-ar-det-ju-inte","status":"publish","type":"post","link":"https:\/\/www.mariaabrahamsson.nu\/index.php\/2014\/07\/11\/sa-avslutar-bosse-med-slangen-marks-att-du-ar-moderat-men-sa-enkelt-ar-det-ju-inte\/","title":{"rendered":"Svarar Bosse och en del andra som h\u00f6rt av sig under dagen"},"content":{"rendered":"<p><strong>Har f\u00e5tt en del<\/strong> reaktioner p\u00e5 <a href=\"http:\/\/www.mariaabrahamsson.nu\/index.php\/2014\/07\/11\/den-som-bara-vill-jaklas-ska-inte-skyddas-av-offentlighetsprincipen\/\">inl\u00e4gget<\/a>\u00a0med anledning av Kalmariten som <a href=\"http:\/\/www.barometern.se\/nyheter\/kalmar\/mejlbombade-kalmar-kan-fa-superservice(4362090).gm\">g\u00e5tt bananas<\/a> p\u00e5 offentlighetsprincipen.<\/p>\n<p>Bosse \u00e4r en av dem som har h\u00f6rt av sig. Han skriver:<\/p>\n<p><em>Vad vet du om vad andra har f\u00f6r syften med att beg\u00e4ra ut allm\u00e4nna handlingar? Finns det n\u00e5got som heter offentlighetsmissbruk? Enligt lagen \u00e4r offentlighetsprincipen obegr\u00e4nsad och vidstr\u00e4ckt. Om vi ska b\u00f6rja tumma p\u00e5 denna grundlag, vem ska dra gr\u00e4nsen f\u00f6r n\u00e4r det \u00e4r &#8221;missbruk&#8221; och vad kommer det bli f\u00f6r missbruk av det? \u00a0<\/em><\/p>\n<p>S\u00e5 avslutar Bosse med sl\u00e4ngen:<\/p>\n<p><em>M\u00e4rks att du \u00e4r Moderat!<\/em><\/p>\n<p><em><\/em><strong>P\u00e5 det svarar jag Bosse<\/strong> &#8211; och en hel del andra som h\u00f6rt av sig under dagen:<\/p>\n<p><em>Om man som jag vill inf\u00f6ra en m\u00f6jlighet att s\u00e4rbehandla personer som \u00e4gnar sig \u00e5t uppenbart missbruk av offentlighetsprincipen &#8211; typ fallet i Kalmar kommun &#8211; s\u00e5 blir det domstolarna och ytterst H\u00f6gsta f\u00f6rvaltningsdomstolen som f\u00e5r bed\u00f6ma vad som \u00e4r &#8221;uppenbart missbruk&#8221;. Jag litar p\u00e5 att domstolarna g\u00f6r en objektiv och r\u00e4ttvis bed\u00f6mning. Precis som i dag n\u00e4r de titt som t\u00e4tt g\u00f6r bed\u00f6mningar om en sekretessgrund hindrar eller inte hindrar att en allm\u00e4n handling l\u00e4mnas ut.<\/em><\/p>\n<p><strong>Sedan kan jag\u00a0inte l\u00e5ta<\/strong> bli att fr\u00e5ga Bosse om han tycker att en person med lagens hj\u00e4lp ska ha r\u00e4tt att hur l\u00e4nge som helst trakassera en kommun\/myndighet med o\u00e4ndligt m\u00e5nga okynnesans\u00f6kningar om att f\u00e5 kopior av myndighetens handlingar?<\/p>\n<p>Sj\u00e4lv tycker jag allts\u00e5 att skattebetalarnas pengar b\u00f6r anv\u00e4ndas p\u00e5 ett b\u00e4ttre s\u00e4tt. Om det har med min partitillh\u00f6righet att g\u00f6ra vet jag inte, d\u00e4remot \u00e4r jag alldeles s\u00e4ker p\u00e5 att det handlar om n\u00e5got s\u00e5 enkelt &#8211; och sv\u00e5rt &#8211; som sunt f\u00f6rnuft.<\/p>\n","protected":false},"excerpt":{"rendered":"<p>Har f\u00e5tt en del reaktioner p\u00e5 inl\u00e4gget\u00a0med anledning av Kalmariten som g\u00e5tt bananas p\u00e5 offentlighetsprincipen. Bosse \u00e4r en av dem som har h\u00f6rt av sig. Han skriver: Vad vet du om vad andra har f\u00f6r syften med att beg\u00e4ra ut allm\u00e4nna handlingar? Finns det n\u00e5got som heter offentlighetsmissbruk? Enligt lagen \u00e4r offentlighetsprincipen obegr\u00e4nsad och vidstr\u00e4ckt.&hellip;<\/p>\n<p class=\"more-link-p\"><a class=\"more-link\" href=\"https:\/\/www.mariaabrahamsson.nu\/index.php\/2014\/07\/11\/sa-avslutar-bosse-med-slangen-marks-att-du-ar-moderat-men-sa-enkelt-ar-det-ju-inte\/\">Read more &rarr;<\/a><\/p>\n","protected":false},"author":2,"featured_media":0,"comment_status":"open","ping_status":"open","sticky":false,"template":"","format":"standard","meta":{"footnotes":""},"categories":[1],"tags":[264],"class_list":["post-10526","post","type-post","status-publish","format-standard","hentry","category-uncategorized","tag-politikerlivet"],"_links":{"self":[{"href":"https:\/\/www.mariaabrahamsson.nu\/index.php\/wp-json\/wp\/v2\/posts\/10526","targetHints":{"allow":["GET"]}}],"collection":[{"href":"https:\/\/www.mariaabrahamsson.nu\/index.php\/wp-json\/wp\/v2\/posts"}],"about":[{"href":"https:\/\/www.mariaabrahamsson.nu\/index.php\/wp-json\/wp\/v2\/types\/post"}],"author":[{"embeddable":true,"href":"https:\/\/www.mariaabrahamsson.nu\/index.php\/wp-json\/wp\/v2\/users\/2"}],"replies":[{"embeddable":true,"href":"https:\/\/www.mariaabrahamsson.nu\/index.php\/wp-json\/wp\/v2\/comments?post=10526"}],"version-history":[{"count":1,"href":"https:\/\/www.mariaabrahamsson.nu\/index.php\/wp-json\/wp\/v2\/posts\/10526\/revisions"}],"predecessor-version":[{"id":13644,"href":"https:\/\/www.mariaabrahamsson.nu\/index.php\/wp-json\/wp\/v2\/posts\/10526\/revisions\/13644"}],"wp:attachment":[{"href":"https:\/\/www.mariaabrahamsson.nu\/index.php\/wp-json\/wp\/v2\/media?parent=10526"}],"wp:term":[{"taxonomy":"category","embeddable":true,"href":"https:\/\/www.mariaabrahamsson.nu\/index.php\/wp-json\/wp\/v2\/categories?post=10526"},{"taxonomy":"post_tag","embeddable":true,"href":"https:\/\/www.mariaabrahamsson.nu\/index.php\/wp-json\/wp\/v2\/tags?post=10526"}],"curies":[{"name":"wp","href":"https:\/\/api.w.org\/{rel}","templated":true}]}}