{"id":10469,"date":"2014-06-15T12:14:41","date_gmt":"2014-06-15T10:14:41","guid":{"rendered":"http:\/\/www.mariaabrahamsson.nu\/?p=10469"},"modified":"2014-06-15T12:16:24","modified_gmt":"2014-06-15T10:16:24","slug":"storhandelser-i-wrangelska-och-arkedomen","status":"publish","type":"post","link":"https:\/\/www.mariaabrahamsson.nu\/index.php\/2014\/06\/15\/storhandelser-i-wrangelska-och-arkedomen\/","title":{"rendered":"Storh\u00e4ndelser i Wrangelska och \u00e4rkedomen"},"content":{"rendered":"<p><strong>T\u00e4nk er sj\u00e4lva att vara inbjuden<\/strong> f\u00f6r att ta till orda inf\u00f6r gr\u00e4ddan av Sveriges juristk\u00e5r under ledning av rikets h\u00f6gst uppsatte domstolschef &#8211; hovr\u00e4ttspresident\u00a0<a href=\"http:\/\/www.youtube.com\/watch?v=V4Z19EdNoZs\">Fredrik Wers\u00e4ll<\/a>! S\u00e5 visst, jag lever fortfarande h\u00f6gt p\u00e5 min h\u00e4pnadsv\u00e4ckande (!) insats vid veckans <a href=\"http:\/\/www.svea.se\/Om-Svea-hovratt\/Jubileumsseminarier\/\">seminarium<\/a> i samband med Svea hovr\u00e4tts 400-\u00e5rsjubileum.<\/p>\n<p>Cirka 30 minuter \u00a030 sekunder in i <a href=\"http:\/\/www.svt.se\/nyhetsklipp\/svtforum\/article2116320.svt\">inslaget<\/a>\u00a0ryktar jag tre av mina k\u00e4pph\u00e4star: nej till obligatorisk pr\u00f6vningstillst\u00e5nd i alla brottm\u00e5l, ja till tv-s\u00e4nda r\u00e4tteg\u00e5ngar och sist men inte minst &#8211; bort med n\u00e4mndemannasystemet. Hela seminariet kan varmt rekommenderas om man \u00e4r nyfiken p\u00e5 hur turerna g\u00e5r bland ledande jurister om \u00f6ver\u00e4tternas roll som fundament i r\u00e4ttssamh\u00e4llet.<\/p>\n<p><strong>Parallellt med f\u00f6rra<\/strong> veckans 400-\u00e5rsfirande i <a href=\"http:\/\/www.sfv.se\/sv\/fastigheter\/sverige\/stockholms-lan-ab\/riddarholmen\/wrangelska-palatset-pa-riddarholmen\/\">Wrangelska palatset<\/a>\u00a0samlades feministerna p\u00e5 <a href=\"http:\/\/www.skanskan.se\/article\/20140610\/NOJE\/140609535\/-\/feministiskt-forum-fyller-malmo-arena-\">Nordiskt forum<\/a>\u00a0i Malm\u00f6. Alla var d\u00e4r, som det heter, dock inte jag. Feministiskt initiativ tog tillf\u00e4llet i akt och presenterade sin valplattform. Vill det sig illa riskerar vi f\u00f6rresten att efter h\u00f6stens val f\u00e5 se FI-m\u00e4rkta n\u00e4mndem\u00e4n i \u00f6verr\u00e4tterna, tillsammans med kolleger som nominerats av Svenskarnas parti och andra extremistpartier.<\/p>\n<p>N\u00f6jer mig denna s\u00f6ndag med konstaterandet att det finns anledning att \u00e5terkomma till FI-plattformen. Men det har f\u00f6rst\u00e5s inte undg\u00e5tt mig att forskare nu har utv\u00e4rderat Norges 10 \u00e5r gamla\u00a0<a href=\"http:\/\/www.metro.se\/nyheter\/kvoteringseffekten-stannade-i-styrelserummen\/EVHnfe!4qYQBf5XwYRnI\/\">kvoteringsreform<\/a>. Sveriges kvoteringsv\u00e4nner i och utanf\u00f6r politiken g\u00f6r klokt i att begrunda reformens klena j\u00e4mst\u00e4lldhetseffekt. Forskningsrapporten kan l\u00e4sas\u00a0<a href=\"http:\/\/www.utexas.edu\/cola\/_files\/jd25763\/norway_boards_5_2014.pdf\">h\u00e4r<\/a>, och l\u00e4sv\u00e4rd kommentar\u00a0<a href=\"http:\/\/blog.svd.se\/ledarbloggen\/2014\/06\/12\/konskvotering-funkar-inte-och\/\">h\u00e4r<\/a>.<\/p>\n<p><strong>Och nej, <\/strong>jag l\u00e4ser inte in n\u00e5gon slags feministisk kamp i <a href=\"http:\/\/www.svt.se\/nyheter\/sverige\/installation-av-ny-arkebiskop-i-uppsala-domkyrka-2?utm_source=feedburner&amp;utm_medium=feed&amp;utm_campaign=Feed%3A+Svtse-Inrikesnyheter+%28svt.se+-+Inrikesnyheter%29\">dagens vigning<\/a> av Sveriges f\u00f6rsta kvinnliga \u00e4rkebiskop, Antje Jackel\u00e9n. Hen \u00e4r st\u00f6rre.<\/p>\n","protected":false},"excerpt":{"rendered":"<p>T\u00e4nk er sj\u00e4lva att vara inbjuden f\u00f6r att ta till orda inf\u00f6r gr\u00e4ddan av Sveriges juristk\u00e5r under ledning av rikets h\u00f6gst uppsatte domstolschef &#8211; hovr\u00e4ttspresident\u00a0Fredrik Wers\u00e4ll! S\u00e5 visst, jag lever fortfarande h\u00f6gt p\u00e5 min h\u00e4pnadsv\u00e4ckande (!) insats vid veckans seminarium i samband med Svea hovr\u00e4tts 400-\u00e5rsjubileum. Cirka 30 minuter \u00a030 sekunder in i inslaget\u00a0ryktar jag&hellip;<\/p>\n<p class=\"more-link-p\"><a class=\"more-link\" href=\"https:\/\/www.mariaabrahamsson.nu\/index.php\/2014\/06\/15\/storhandelser-i-wrangelska-och-arkedomen\/\">Read more &rarr;<\/a><\/p>\n","protected":false},"author":2,"featured_media":0,"comment_status":"open","ping_status":"open","sticky":false,"template":"","format":"standard","meta":{"footnotes":""},"categories":[1],"tags":[],"class_list":["post-10469","post","type-post","status-publish","format-standard","hentry","category-uncategorized"],"_links":{"self":[{"href":"https:\/\/www.mariaabrahamsson.nu\/index.php\/wp-json\/wp\/v2\/posts\/10469","targetHints":{"allow":["GET"]}}],"collection":[{"href":"https:\/\/www.mariaabrahamsson.nu\/index.php\/wp-json\/wp\/v2\/posts"}],"about":[{"href":"https:\/\/www.mariaabrahamsson.nu\/index.php\/wp-json\/wp\/v2\/types\/post"}],"author":[{"embeddable":true,"href":"https:\/\/www.mariaabrahamsson.nu\/index.php\/wp-json\/wp\/v2\/users\/2"}],"replies":[{"embeddable":true,"href":"https:\/\/www.mariaabrahamsson.nu\/index.php\/wp-json\/wp\/v2\/comments?post=10469"}],"version-history":[{"count":0,"href":"https:\/\/www.mariaabrahamsson.nu\/index.php\/wp-json\/wp\/v2\/posts\/10469\/revisions"}],"wp:attachment":[{"href":"https:\/\/www.mariaabrahamsson.nu\/index.php\/wp-json\/wp\/v2\/media?parent=10469"}],"wp:term":[{"taxonomy":"category","embeddable":true,"href":"https:\/\/www.mariaabrahamsson.nu\/index.php\/wp-json\/wp\/v2\/categories?post=10469"},{"taxonomy":"post_tag","embeddable":true,"href":"https:\/\/www.mariaabrahamsson.nu\/index.php\/wp-json\/wp\/v2\/tags?post=10469"}],"curies":[{"name":"wp","href":"https:\/\/api.w.org\/{rel}","templated":true}]}}