{"id":10421,"date":"2014-06-02T19:31:10","date_gmt":"2014-06-02T17:31:10","guid":{"rendered":"http:\/\/www.mariaabrahamsson.nu\/?p=10421"},"modified":"2014-06-02T19:55:43","modified_gmt":"2014-06-02T17:55:43","slug":"akta-er-vilken-snygg-valaffisch-jag-kommer-ha","status":"publish","type":"post","link":"https:\/\/www.mariaabrahamsson.nu\/index.php\/2014\/06\/02\/akta-er-vilken-snygg-valaffisch-jag-kommer-ha\/","title":{"rendered":"Akta er vilken snygg valaffisch jag kommer ha"},"content":{"rendered":"<p><strong>M\u00f6r i kroppen \u00e4r man<\/strong> efter hyggligt m\u00e5nga dygns g\u00e4ngstryk. Och visst, smockorna har till st\u00f6rsta del varit befogade, f\u00f6r jag gjorde fel som &#8221;vikth\u00e5nade&#8221; \u00c5sa Romson och Isabella L\u00f6vin. Men jag t\u00e4nker inte s\u00e4ga det fler g\u00e5nger. Det r\u00e4cker nu.<\/p>\n<p>I eftermiddag har jag i st\u00e4llet glatt mig \u00e5t f\u00f6rmiddagens v\u00e4ldigt bra m\u00f6te med <a href=\"http:\/\/www.academedia.se\">Academedia<\/a>. Tillsammans med bland andra min favoritsosse\u00a0<a href=\"http:\/\/www.folkbladet.se\/nyheter\/?articleid=7009654\">Widar Andersson<\/a> ing\u00e5r jag i Sveriges st\u00f6rsta skolf\u00f6retags <a href=\"http:\/\/www.academedia.se\/om-academedia\/ledning\/advisory-board\/\">r\u00e5dgivande organ<\/a>. En samh\u00e4llsnyttig, tv\u00e4rpolitisk insats som jag \u00e4r r\u00e4tt stolt \u00f6ver. Vi pratade bland annat om vad som vid olika scenarion konkret h\u00e4nder efter valet med friskolef\u00f6retag, deras <a href=\"http:\/\/www.gp.se\/nyheter\/debatt\/1.2385594-tusentals-elever-kan-forlora-sina-skolor-med-mp-s-politik\">l\u00e4rare och elever <\/a>och landade i att ingen s\u00e4kert vet. Vet du? Mejla i s\u00e5 fall g\u00e4rna!<\/p>\n<p><strong>Sedan hann jag precis<\/strong> hem f\u00f6r att hinna skicka utlovat underlag till valfolder \u00e5t <a href=\"http:\/\/moderaterna.net\/foreningar-natverk\/\">N\u00e4tverket \u00c4ldre<\/a>. D\u00e4refter\u00a0personvalsfotografering i S\u00f6dermalms gr\u00e4nder. Akta er vilken snygg\u00a0valaffisch och dito valfolder jag kommer att ha! Varmt tack f\u00f6r i dag, proffsiga\u00a0<a href=\"http:\/\/www.catarinaharling.se\/kontakt-9440271\">Catarina Harling<\/a>!<\/p>\n<p>&nbsp;<\/p>\n","protected":false},"excerpt":{"rendered":"<p>M\u00f6r i kroppen \u00e4r man efter hyggligt m\u00e5nga dygns g\u00e4ngstryk. Och visst, smockorna har till st\u00f6rsta del varit befogade, f\u00f6r jag gjorde fel som &#8221;vikth\u00e5nade&#8221; \u00c5sa Romson och Isabella L\u00f6vin. Men jag t\u00e4nker inte s\u00e4ga det fler g\u00e5nger. Det r\u00e4cker nu. I eftermiddag har jag i st\u00e4llet glatt mig \u00e5t f\u00f6rmiddagens v\u00e4ldigt bra m\u00f6te med&hellip;<\/p>\n<p class=\"more-link-p\"><a class=\"more-link\" href=\"https:\/\/www.mariaabrahamsson.nu\/index.php\/2014\/06\/02\/akta-er-vilken-snygg-valaffisch-jag-kommer-ha\/\">Read more &rarr;<\/a><\/p>\n","protected":false},"author":2,"featured_media":0,"comment_status":"open","ping_status":"open","sticky":false,"template":"","format":"standard","meta":{"footnotes":""},"categories":[1],"tags":[],"class_list":["post-10421","post","type-post","status-publish","format-standard","hentry","category-uncategorized"],"_links":{"self":[{"href":"https:\/\/www.mariaabrahamsson.nu\/index.php\/wp-json\/wp\/v2\/posts\/10421","targetHints":{"allow":["GET"]}}],"collection":[{"href":"https:\/\/www.mariaabrahamsson.nu\/index.php\/wp-json\/wp\/v2\/posts"}],"about":[{"href":"https:\/\/www.mariaabrahamsson.nu\/index.php\/wp-json\/wp\/v2\/types\/post"}],"author":[{"embeddable":true,"href":"https:\/\/www.mariaabrahamsson.nu\/index.php\/wp-json\/wp\/v2\/users\/2"}],"replies":[{"embeddable":true,"href":"https:\/\/www.mariaabrahamsson.nu\/index.php\/wp-json\/wp\/v2\/comments?post=10421"}],"version-history":[{"count":0,"href":"https:\/\/www.mariaabrahamsson.nu\/index.php\/wp-json\/wp\/v2\/posts\/10421\/revisions"}],"wp:attachment":[{"href":"https:\/\/www.mariaabrahamsson.nu\/index.php\/wp-json\/wp\/v2\/media?parent=10421"}],"wp:term":[{"taxonomy":"category","embeddable":true,"href":"https:\/\/www.mariaabrahamsson.nu\/index.php\/wp-json\/wp\/v2\/categories?post=10421"},{"taxonomy":"post_tag","embeddable":true,"href":"https:\/\/www.mariaabrahamsson.nu\/index.php\/wp-json\/wp\/v2\/tags?post=10421"}],"curies":[{"name":"wp","href":"https:\/\/api.w.org\/{rel}","templated":true}]}}