{"id":10386,"date":"2014-05-17T20:09:11","date_gmt":"2014-05-17T18:09:11","guid":{"rendered":"http:\/\/www.mariaabrahamsson.nu\/?p=10386"},"modified":"2014-05-17T21:46:07","modified_gmt":"2014-05-17T19:46:07","slug":"pausar-eu-kampanjandet-for-loppis-pa-sodermalm-kl-11-00","status":"publish","type":"post","link":"https:\/\/www.mariaabrahamsson.nu\/index.php\/2014\/05\/17\/pausar-eu-kampanjandet-for-loppis-pa-sodermalm-kl-11-00\/","title":{"rendered":"Pausar EU-kampanjandet f\u00f6r loppis p\u00e5 \u2026 S\u00f6dermalm \u2026 kl 11.00"},"content":{"rendered":"<p><strong>En snygg r\u00f6d<\/strong> i sj\u00f6mansstil med blanka knappar, en m\u00f6rkt bl\u00e5, en avsp\u00e4nt milit\u00e4rgr\u00f6n, en begravningssvart och en neutralt beige &#8211; jag hade helt f\u00f6rtr\u00e4ngt mina dr\u00e4kter (kavaj och kjol) som fram tills i eftermiddags har h\u00e4ngt p\u00e5 rad i k\u00e4llarf\u00f6rr\u00e5det. Men i kv\u00e4ll v\u00e4dras allts\u00e5 en inte obetydlig del av min 90-talsgarderob p\u00e5 balkongen. I s\u00e4llskap med ett antal flotta men urvuxna kl\u00e4nningar.<\/p>\n<p>F\u00f6r att inte tala om alla l\u00e5dorna i hallen, packade med utd\u00f6mda ting som ljusstakar, byttor, glas,\u00a0muggar, presentvaser, porslinsk\u00f6rsb\u00e4r (!) majskolvsminispett (!) elektriska prylar, boots i fel storlek, utl\u00e4sta romaner och annat stort och sm\u00e5tt och tja.<\/p>\n<p><strong>Nej, tack och lov, jag ska inte flytta.<\/strong> Men i morgon mellan 11.00-15.00,\u00a0en vecka f\u00f6re EU-valvakandet, bromsar jag tillf\u00e4lligt kampanjarbetet f\u00f6r att agera Loppisknalle p\u00e5 min \u00e4lskade inneg\u00e5rd h\u00e4r p\u00e5 S\u00f6dermalm. L\u00e4ser p\u00e5 entr\u00e9d\u00f6rren till min uppg\u00e5ng att vi som finns p\u00e5 sociala media g\u00e4rna f\u00e5r g\u00f6ra reklam f\u00f6r eventet.<\/p>\n<p>Samtidigt ringer klockan. Som riksdagsledamot i valr\u00f6relsetider har ocks\u00e5 jag f\u00f6rst\u00e5tt att man inte ska bjussa alltf\u00f6r gener\u00f6st p\u00e5 vad man exakt befinner sig exakt vid vilken tid. S\u00e5 ja, vi som ses i morgon \u00f6ver mitt dignande loppisbord med s\u00e5 fina grejer, vi ses! Och jo, jag \u00e4r nog r\u00e4tt billig!<\/p>\n","protected":false},"excerpt":{"rendered":"<p>En snygg r\u00f6d i sj\u00f6mansstil med blanka knappar, en m\u00f6rkt bl\u00e5, en avsp\u00e4nt milit\u00e4rgr\u00f6n, en begravningssvart och en neutralt beige &#8211; jag hade helt f\u00f6rtr\u00e4ngt mina dr\u00e4kter (kavaj och kjol) som fram tills i eftermiddags har h\u00e4ngt p\u00e5 rad i k\u00e4llarf\u00f6rr\u00e5det. Men i kv\u00e4ll v\u00e4dras allts\u00e5 en inte obetydlig del av min 90-talsgarderob p\u00e5 balkongen.&hellip;<\/p>\n<p class=\"more-link-p\"><a class=\"more-link\" href=\"https:\/\/www.mariaabrahamsson.nu\/index.php\/2014\/05\/17\/pausar-eu-kampanjandet-for-loppis-pa-sodermalm-kl-11-00\/\">Read more &rarr;<\/a><\/p>\n","protected":false},"author":2,"featured_media":0,"comment_status":"open","ping_status":"open","sticky":false,"template":"","format":"standard","meta":{"footnotes":""},"categories":[1],"tags":[],"class_list":["post-10386","post","type-post","status-publish","format-standard","hentry","category-uncategorized"],"_links":{"self":[{"href":"https:\/\/www.mariaabrahamsson.nu\/index.php\/wp-json\/wp\/v2\/posts\/10386","targetHints":{"allow":["GET"]}}],"collection":[{"href":"https:\/\/www.mariaabrahamsson.nu\/index.php\/wp-json\/wp\/v2\/posts"}],"about":[{"href":"https:\/\/www.mariaabrahamsson.nu\/index.php\/wp-json\/wp\/v2\/types\/post"}],"author":[{"embeddable":true,"href":"https:\/\/www.mariaabrahamsson.nu\/index.php\/wp-json\/wp\/v2\/users\/2"}],"replies":[{"embeddable":true,"href":"https:\/\/www.mariaabrahamsson.nu\/index.php\/wp-json\/wp\/v2\/comments?post=10386"}],"version-history":[{"count":0,"href":"https:\/\/www.mariaabrahamsson.nu\/index.php\/wp-json\/wp\/v2\/posts\/10386\/revisions"}],"wp:attachment":[{"href":"https:\/\/www.mariaabrahamsson.nu\/index.php\/wp-json\/wp\/v2\/media?parent=10386"}],"wp:term":[{"taxonomy":"category","embeddable":true,"href":"https:\/\/www.mariaabrahamsson.nu\/index.php\/wp-json\/wp\/v2\/categories?post=10386"},{"taxonomy":"post_tag","embeddable":true,"href":"https:\/\/www.mariaabrahamsson.nu\/index.php\/wp-json\/wp\/v2\/tags?post=10386"}],"curies":[{"name":"wp","href":"https:\/\/api.w.org\/{rel}","templated":true}]}}