{"id":10357,"date":"2014-04-30T16:55:22","date_gmt":"2014-04-30T14:55:22","guid":{"rendered":"http:\/\/www.mariaabrahamsson.nu\/?p=10357"},"modified":"2014-04-30T17:00:24","modified_gmt":"2014-04-30T15:00:24","slug":"brevikskolan-skulle-man-ha-gatt-i","status":"publish","type":"post","link":"https:\/\/www.mariaabrahamsson.nu\/index.php\/2014\/04\/30\/brevikskolan-skulle-man-ha-gatt-i\/","title":{"rendered":"Brevikskolan skulle man ha g\u00e5tt i"},"content":{"rendered":"<p><strong>Det har r\u00f6nt<\/strong> <a href=\"http:\/\/www.aftonbladet.se\/nyheter\/article18660487.ab\">intresse<\/a> att jag sitter i AcadeMedias <a href=\"http:\/\/www.academedia.se\/om-academedia\/ledning\/advisory-board\/\">Advisory Board<\/a>. Sj\u00e4lv ser jag inte problemet med att jag och r\u00e4tt m\u00e5nga med mig bejakar id\u00e9n att skolf\u00f6retag f\u00e5r g\u00e5 med vinst samtidigt som vi ger v\u00e5rt fulla st\u00f6d \u00e5t kvalitetsarbetet som bedrivs inom ramen f\u00f6r det fria skolvalet. Ni som \u00e4r &#8211; eller till\u00e5ter er att bli &#8211; nyfikna p\u00e5 hur det h\u00e4r kan h\u00e4nga ihop vill jag uppmana att anm\u00e4la er till <a href=\"http:\/\/www.academedia.se\">AcadeMedias<\/a> stundande\u00a0<a href=\"http:\/\/www.academedia.se\/kvalitet\/marknadsdag\/\">samh\u00e4llsmarknadsdag.<\/a>\u00a0G\u00e5 dit och st\u00e4ll fr\u00e5gorna!<\/p>\n<p><a href=\"http:\/\/www.mariaabrahamsson.nu\/wp-content\/uploads\/2014\/04\/Brevikskolans-rektor-Anna.jpg\"><img loading=\"lazy\" decoding=\"async\" class=\"alignleft size-medium wp-image-10358\" alt=\"Brevikskolans rektor Anna\" src=\"http:\/\/www.mariaabrahamsson.nu\/wp-content\/uploads\/2014\/04\/Brevikskolans-rektor-Anna-300x225.jpg\" width=\"300\" height=\"225\" srcset=\"https:\/\/www.mariaabrahamsson.nu\/wp-content\/uploads\/2014\/04\/Brevikskolans-rektor-Anna-300x225.jpg 300w, https:\/\/www.mariaabrahamsson.nu\/wp-content\/uploads\/2014\/04\/Brevikskolans-rektor-Anna.jpg 320w\" sizes=\"auto, (max-width: 300px) 100vw, 300px\" \/><\/a>Som riksdagsledamot i Skatteutskottet bes\u00f6ker jag inte skolor j\u00e4tteofta. Men det h\u00e4nder, i m\u00e5ndags bes\u00f6kte jag\u00a0<a href=\"http:\/\/www.pysslingen.se\/brevikskola\">Brevikskolan<\/a>\u00a0i Tyres\u00f6.<\/p>\n<p><strong>Jag k\u00e4nde mig r\u00e4tt <\/strong>villr\u00e5digt \u00e4ngslig p\u00e5 v\u00e4gen dit. Ja, som man g\u00f6r n\u00e4r man ska tr\u00e4ffa proffs p\u00e5 ett omr\u00e5de man har noll en ganska lite koll p\u00e5. Men k\u00e4nslan av os\u00e4kerhet f\u00f6rsvann snabbt. Skolans rektor Anna Hansson Bitt\u00e1r (bilden) tog bokstavligen emot med stora famnen. (Kan avsl\u00f6ja att det inte alltid \u00e4r s\u00e5 jag blir bem\u00f6tt).<\/p>\n<p>P\u00e5 v\u00e4ggen bakom Anna ser man delar av Brevikskolans bibliotek. B\u00f6ckerna radas inte p\u00e5 m\u00f6rka hyllor utan lutas mot ljusa v\u00e4ggen som l\u00f6per genom hela byggnaden ner mot sj\u00f6kanten, n\u00e4stan. L\u00e4ngs bokv\u00e4ggen finns ett utbud som str\u00e4cker sig fr\u00e5n de som \u00e4nnu inte l\u00e4rt sig l\u00e4sa till \u00e5rskurs 6. Och d\u00e4r p\u00e5 stolar sitter elever p\u00e5 rasterna och bl\u00e4ddrar\/l\u00e4ser, n\u00e5gra l\u00e5nar en bok och f\u00f6rsvinner ut till kompisarna p\u00e5 skolg\u00e5rden. F\u00f6r\u00e4ldrar till de minsta sitter ner med sina telningar, l\u00e4ser en snutt och reflekterar innan det \u00e4r dags att bege sig hem\u00e5t.<\/p>\n<p><strong>Det ska bli \u00e4nnu b\u00e4ttre<\/strong>. M\u00f6tet med skolans kock <a href=\"http:\/\/hoppavidare.se\/brevik-skola\/\">Kent<\/a> g\u00f6r starkt intryckt, inte fr\u00e4mst f\u00f6r att han r\u00e5kar ha ett f\u00f6rflutet som kock i riksdagsrestaurangen, utan d\u00e4rf\u00f6r att Kent \u00e4r s\u00e5 m\u00e5n om att skolans elever &#8211; och personal &#8211; ska \u00e4ta bra mat. Och det g\u00f6r dom, kan jag intyga.<\/p>\n<p>Inga problem alls d\u00e5 i Brevikskolan? Jod\u00e5, klasser och elever har varit st\u00f6kiga. L\u00e4rare \u00e4r\u00a0inte alltid glada. F\u00f6r\u00e4ldrar har klagat. L\u00f6ss har f\u00f6rekommit. Men det best\u00e5ende intrycket n\u00e4r jag s\u00e4tter mig p\u00e5 bussen p\u00e5 v\u00e4g mot stan \u00e4r att problemen har hanterats och dyker de upp igen s\u00e5 ja, en h\u00e4ngiven och skicklig rektor hanterar det ocks\u00e5. Till l\u00e4rarnas, elevernas och samh\u00e4llets fromma.<\/p>\n<p><strong>Gl\u00f6mde jag s\u00e4ga<\/strong> att Brevikskolan ing\u00e5r i AcadeMediakoncernen som i sin tur \u00e4gs av &#8221;riskkapitalbolaget&#8221; EQT?<\/p>\n","protected":false},"excerpt":{"rendered":"<p>Det har r\u00f6nt intresse att jag sitter i AcadeMedias Advisory Board. Sj\u00e4lv ser jag inte problemet med att jag och r\u00e4tt m\u00e5nga med mig bejakar id\u00e9n att skolf\u00f6retag f\u00e5r g\u00e5 med vinst samtidigt som vi ger v\u00e5rt fulla st\u00f6d \u00e5t kvalitetsarbetet som bedrivs inom ramen f\u00f6r det fria skolvalet. Ni som \u00e4r &#8211; eller till\u00e5ter&hellip;<\/p>\n<p class=\"more-link-p\"><a class=\"more-link\" href=\"https:\/\/www.mariaabrahamsson.nu\/index.php\/2014\/04\/30\/brevikskolan-skulle-man-ha-gatt-i\/\">Read more &rarr;<\/a><\/p>\n","protected":false},"author":2,"featured_media":0,"comment_status":"open","ping_status":"open","sticky":false,"template":"","format":"standard","meta":{"footnotes":""},"categories":[1],"tags":[],"class_list":["post-10357","post","type-post","status-publish","format-standard","hentry","category-uncategorized"],"_links":{"self":[{"href":"https:\/\/www.mariaabrahamsson.nu\/index.php\/wp-json\/wp\/v2\/posts\/10357","targetHints":{"allow":["GET"]}}],"collection":[{"href":"https:\/\/www.mariaabrahamsson.nu\/index.php\/wp-json\/wp\/v2\/posts"}],"about":[{"href":"https:\/\/www.mariaabrahamsson.nu\/index.php\/wp-json\/wp\/v2\/types\/post"}],"author":[{"embeddable":true,"href":"https:\/\/www.mariaabrahamsson.nu\/index.php\/wp-json\/wp\/v2\/users\/2"}],"replies":[{"embeddable":true,"href":"https:\/\/www.mariaabrahamsson.nu\/index.php\/wp-json\/wp\/v2\/comments?post=10357"}],"version-history":[{"count":0,"href":"https:\/\/www.mariaabrahamsson.nu\/index.php\/wp-json\/wp\/v2\/posts\/10357\/revisions"}],"wp:attachment":[{"href":"https:\/\/www.mariaabrahamsson.nu\/index.php\/wp-json\/wp\/v2\/media?parent=10357"}],"wp:term":[{"taxonomy":"category","embeddable":true,"href":"https:\/\/www.mariaabrahamsson.nu\/index.php\/wp-json\/wp\/v2\/categories?post=10357"},{"taxonomy":"post_tag","embeddable":true,"href":"https:\/\/www.mariaabrahamsson.nu\/index.php\/wp-json\/wp\/v2\/tags?post=10357"}],"curies":[{"name":"wp","href":"https:\/\/api.w.org\/{rel}","templated":true}]}}