{"id":10327,"date":"2014-04-13T20:04:39","date_gmt":"2014-04-13T18:04:39","guid":{"rendered":"http:\/\/www.mariaabrahamsson.nu\/?p=10327"},"modified":"2014-04-13T20:05:02","modified_gmt":"2014-04-13T18:05:02","slug":"blev-ratt-skakad-av-oron-som-plagar-foretagare","status":"publish","type":"post","link":"https:\/\/www.mariaabrahamsson.nu\/index.php\/2014\/04\/13\/blev-ratt-skakad-av-oron-som-plagar-foretagare\/","title":{"rendered":"Blev r\u00e4tt skakad av oron som pl\u00e5gar f\u00f6retagare"},"content":{"rendered":"<p><strong>\u00c4ntligen s\u00f6ndag<\/strong> i v\u00e5rens tecken med balkongst\u00f6k i solen. \u00c4r i valet och kvalet om jag ska jogga eller blogga.<\/p>\n<p>Men i fredags deltog jag allts\u00e5 i Stockholmsupplagan av\u00a0<a href=\"http:\/\/www.svensktnaringsliv.se\/regioner\/stockholm\/framtidsmote-i-stockholm_578676.html\">Svenskt N\u00e4ringslivs framtidsm\u00f6te<\/a>\u00a0och hann prata mer ing\u00e5ende med drygt 10-talet f\u00f6retagare. Samtalen handlade bland annat om <a href=\"http:\/\/www.foretagarna.se\/Opinion\/Rapporter\/2011\/Sjukloneansvaret---hinder-for-tillvaxt\/\">sjukl\u00f6neansvar<\/a>, <a href=\"http:\/\/www.svensktnaringsliv.se\/fragor\/las\/foretagare\/\">LAS-regler <\/a>och\u00a0<a href=\"http:\/\/www.foretagarna.se\/Opinion\/Rapporter\/2012\/Sma-foretag-och-offentlig-upphandling--hur-gar-det\/\">offentlig upphandling<\/a>. Man beh\u00f6vde inte vara n\u00e4ringsminister f\u00f6r att konstatera att f\u00f6retagarnas missn\u00f6je \u00f6ver dessa ting \u00e4r t\u00e4mligen utbrett, om \u00e4n inte lika kompakt som under G\u00f6ran Perssons regeringar.<\/p>\n<p><strong>Tack och lov hade<\/strong>\u00a0jag och andra politiker (d\u00e4ribland centerns\u00a0<a href=\"http:\/\/johanhedin.se\">Johan Hedin<\/a>, socialdemokraten\u00a0<a href=\"http:\/\/www.riksdagen.se\/sv\/ledamoter-partier\/Hitta-ledamot\/Ledamoter\/Lindberg-Teres-0559925283228\/\">Teres Lindberg<\/a>\u00a0och KD:s\u00a0<a href=\"http:\/\/www.riksdagen.se\/sv\/ledamoter-partier\/Hitta-ledamot\/Ledamoter\/Odell-Mats-0700424025906\/\">Mats Odell<\/a>) denna g\u00e5ng inte i uppgift att st\u00e5 till svars utan att bekv\u00e4mt &#8221;lyssna in&#8221; vad f\u00f6retagarna hade att s\u00e4ga.<\/p>\n<p>Som n\u00e4ringslivsv\u00e4n, allianssupporter och inte minst ledamot av skatteutskottet blev jag r\u00e4tt skakad av den oro som pl\u00e5gar f\u00f6retagarna i Stockholm. Jag talar om den s\u00e5 kallade<a href=\"http:\/\/www.youtube.com\/watch?v=PIg6UTvKzeM\"> dubbelst\u00f6ten<\/a>. F\u00f6retagare &#8211; inte bara i Stockholm, kan inflikas \u00a0&#8211; har ren och sk\u00e4r \u00e5ngest \u00f6ver att socialdemokraternas hot om h\u00f6jd arbetsgivaravgift f\u00f6r anst\u00e4llning av ungdomar, dubblering av matmomsen p\u00e5 krogen och v\u00e4nsterpartiets vinstf\u00f6rbud i v\u00e4lf\u00e4rden, kan bli verklighet om Stefan L\u00f6fven f\u00e5r bilda regering i h\u00f6st. Ett skr\u00e4ckscenario som i fredags bekr\u00e4ftades och konkretiserades av socialdemokraternas finansministerkandidat\u00a0<a href=\"http:\/\/www.svd.se\/nyheter\/valet2014\/fa-overrasknignar-i-s-finansieringsplan_3457454.svd\">Magdalena Andersson<\/a>, ironiskt nog samtidigt som jag &#8211; och Teres Lindberg &#8211; tog del av f\u00f6retagarnas v\u00e5ndor inf\u00f6r dubbel(s)t\u00f6ten.<\/p>\n<p><strong>F\u00f6rresten,<\/strong>\u00a0<a href=\"http:\/\/www.svensktnaringsliv.se\/regioner\/stockholm\/maria-abrahamsson-m-fortsatt-upprojningsarbete-i-regeltrasket_582366.html\">h\u00e4r<\/a>\u00a0intervjuas jag om f\u00f6retagarfr\u00e5gor val\u00e5ret 2014.<\/p>\n","protected":false},"excerpt":{"rendered":"<p>\u00c4ntligen s\u00f6ndag i v\u00e5rens tecken med balkongst\u00f6k i solen. \u00c4r i valet och kvalet om jag ska jogga eller blogga. Men i fredags deltog jag allts\u00e5 i Stockholmsupplagan av\u00a0Svenskt N\u00e4ringslivs framtidsm\u00f6te\u00a0och hann prata mer ing\u00e5ende med drygt 10-talet f\u00f6retagare. Samtalen handlade bland annat om sjukl\u00f6neansvar, LAS-regler och\u00a0offentlig upphandling. Man beh\u00f6vde inte vara n\u00e4ringsminister f\u00f6r att&hellip;<\/p>\n<p class=\"more-link-p\"><a class=\"more-link\" href=\"https:\/\/www.mariaabrahamsson.nu\/index.php\/2014\/04\/13\/blev-ratt-skakad-av-oron-som-plagar-foretagare\/\">Read more &rarr;<\/a><\/p>\n","protected":false},"author":2,"featured_media":0,"comment_status":"open","ping_status":"open","sticky":false,"template":"","format":"standard","meta":{"footnotes":""},"categories":[1],"tags":[],"class_list":["post-10327","post","type-post","status-publish","format-standard","hentry","category-uncategorized"],"_links":{"self":[{"href":"https:\/\/www.mariaabrahamsson.nu\/index.php\/wp-json\/wp\/v2\/posts\/10327","targetHints":{"allow":["GET"]}}],"collection":[{"href":"https:\/\/www.mariaabrahamsson.nu\/index.php\/wp-json\/wp\/v2\/posts"}],"about":[{"href":"https:\/\/www.mariaabrahamsson.nu\/index.php\/wp-json\/wp\/v2\/types\/post"}],"author":[{"embeddable":true,"href":"https:\/\/www.mariaabrahamsson.nu\/index.php\/wp-json\/wp\/v2\/users\/2"}],"replies":[{"embeddable":true,"href":"https:\/\/www.mariaabrahamsson.nu\/index.php\/wp-json\/wp\/v2\/comments?post=10327"}],"version-history":[{"count":0,"href":"https:\/\/www.mariaabrahamsson.nu\/index.php\/wp-json\/wp\/v2\/posts\/10327\/revisions"}],"wp:attachment":[{"href":"https:\/\/www.mariaabrahamsson.nu\/index.php\/wp-json\/wp\/v2\/media?parent=10327"}],"wp:term":[{"taxonomy":"category","embeddable":true,"href":"https:\/\/www.mariaabrahamsson.nu\/index.php\/wp-json\/wp\/v2\/categories?post=10327"},{"taxonomy":"post_tag","embeddable":true,"href":"https:\/\/www.mariaabrahamsson.nu\/index.php\/wp-json\/wp\/v2\/tags?post=10327"}],"curies":[{"name":"wp","href":"https:\/\/api.w.org\/{rel}","templated":true}]}}