{"id":10242,"date":"2014-04-01T22:55:09","date_gmt":"2014-04-01T20:55:09","guid":{"rendered":"http:\/\/www.mariaabrahamsson.nu\/?p=10242"},"modified":"2014-04-01T23:24:44","modified_gmt":"2014-04-01T21:24:44","slug":"och-fortroendet-for-lofven-bottnar-i","status":"publish","type":"post","link":"https:\/\/www.mariaabrahamsson.nu\/index.php\/2014\/04\/01\/och-fortroendet-for-lofven-bottnar-i\/","title":{"rendered":"Och f\u00f6rtroendet f\u00f6r L\u00f6fven bottnar i?"},"content":{"rendered":"<p><strong>Efter tv\u00e5 mandatperioder<\/strong>\u00a0m\u00e4tte DN\/Ipsos v\u00e4ljarnas f\u00f6rtroende f\u00f6r d\u00e5varande statsministern G\u00f6ran Persson till 37 procent, rapporterar <a href=\"http:\/\/www.dn.se\/nyheter\/politik\/valjarnas-fortroende-for-lofven-starks\/\">tidningen.<\/a>\u00a0Perssons f\u00f6rtroendesiffra var \u00e4nd\u00e5 inte s\u00e5 illa, t\u00e4nker jag, s\u00e4rskilt som v\u00e4ljarna enligt expertisen antas vara grundligt tr\u00f6tta p\u00e5 politikernunor som \u00e5r ut och \u00e5r in figurerar i teve.<\/p>\n<p>Sedan januari 2012 heter socialdemokraternas partiledare Stefan L\u00f6fven. Till skillnad fr\u00e5n Persson har han varken n\u00f6tt b\u00e4nken i riksdagen, \u00e4ntrat talarstolen och f\u00f6retr\u00e4tt det stora oppositionspartiet i riksdagens partiledardebatter. L\u00f6fven har heller inte likt sina politiska f\u00f6retr\u00e4dare tragglat i riksdagens utskott eller varit statsr\u00e5d i regeringen.<\/p>\n<p><strong>D\u00e4rmed inte sagt att L\u00f6fven<\/strong> \u00e4r en d\u00e5lig politiker, verkligen inte. Men faktum \u00e4r att ingen s\u00e4kert vet hur duglig L\u00f6fven skulle vara som menig ledamot av Sveriges riksdag, \u00e4n mindre som statsminister med uppgift att leda landet. Svar p\u00e5 den fr\u00e5gan fick man heller inte genom att titta p\u00e5 senaste partiledarduellen i <a href=\"http:\/\/www.svtplay.se\/klipp\/1899574\/reinfeldt-och-lofven-mottes-i-agenda\">SVT Agenda<\/a>. Likafullt uppger 45 procent av v\u00e4ljarna i <a href=\"http:\/\/www.dn.se\/nyheter\/politik\/valjarnas-fortroende-for-lofven-starks\/\">DN\/Ipsos senaste m\u00e4tning<\/a> att de har f\u00f6rtroende f\u00f6r Stefan L\u00f6fven.<\/p>\n<p>I samma f\u00f6rtroendem\u00e4tning n\u00e5r Fredrik Reinfeldt upp till 46 procent, en ynka procentenhet mer \u00e4n L\u00f6fven. Och detta efter att moderatledaren har varit statsminister i n\u00e4ra tv\u00e5 mandatperioder, varunder han framg\u00e5ngsrikt har lotsat landet genom Lehman-kraschen som 2009 f\u00f6rsatte omv\u00e4rlden och inte minst \u00f6vriga EU i djup ekonomisk kris. Till det kommer att Sverige sedan 2006 har inkasserat\u00a0<a href=\"http:\/\/www.dagenssamhalle.se\/nyhet\/rekordintaekter-till-vaelfaerden-7729\">\u00f6kade skatteint\u00e4kter<\/a> genom att fler i s\u00e5 kallat utanf\u00f6rskap faktiskt har kunnat byta bidragsberoende mot arbetsinkomst.<\/p>\n<p><strong>S\u00e5 hur kommer det sig<\/strong>\u00a0att v\u00e4ljarna i DN\/Ipsos \u00e4nd\u00e5 s\u00e4tter likhetstecken i f\u00f6rtroendem\u00e4tningen mellan L\u00f6fven och Reinfeldt?\u00a0Kan det vara s\u00e5 enkelt &#8211; och or\u00e4ttvist &#8211; att v\u00e4ljarna enligt n\u00e5gon naturlag tr\u00f6ttnar p\u00e5 politiker som under l\u00e5ng tid har h\u00e5rdexponerats i medierna? Vad s\u00e4ger det i s\u00e5 fall om att ta ansvar?<\/p>\n","protected":false},"excerpt":{"rendered":"<p>Efter tv\u00e5 mandatperioder\u00a0m\u00e4tte DN\/Ipsos v\u00e4ljarnas f\u00f6rtroende f\u00f6r d\u00e5varande statsministern G\u00f6ran Persson till 37 procent, rapporterar tidningen.\u00a0Perssons f\u00f6rtroendesiffra var \u00e4nd\u00e5 inte s\u00e5 illa, t\u00e4nker jag, s\u00e4rskilt som v\u00e4ljarna enligt expertisen antas vara grundligt tr\u00f6tta p\u00e5 politikernunor som \u00e5r ut och \u00e5r in figurerar i teve. Sedan januari 2012 heter socialdemokraternas partiledare Stefan L\u00f6fven. Till skillnad fr\u00e5n&hellip;<\/p>\n<p class=\"more-link-p\"><a class=\"more-link\" href=\"https:\/\/www.mariaabrahamsson.nu\/index.php\/2014\/04\/01\/och-fortroendet-for-lofven-bottnar-i\/\">Read more &rarr;<\/a><\/p>\n","protected":false},"author":2,"featured_media":0,"comment_status":"open","ping_status":"open","sticky":false,"template":"","format":"standard","meta":{"footnotes":""},"categories":[1],"tags":[],"class_list":["post-10242","post","type-post","status-publish","format-standard","hentry","category-uncategorized"],"_links":{"self":[{"href":"https:\/\/www.mariaabrahamsson.nu\/index.php\/wp-json\/wp\/v2\/posts\/10242","targetHints":{"allow":["GET"]}}],"collection":[{"href":"https:\/\/www.mariaabrahamsson.nu\/index.php\/wp-json\/wp\/v2\/posts"}],"about":[{"href":"https:\/\/www.mariaabrahamsson.nu\/index.php\/wp-json\/wp\/v2\/types\/post"}],"author":[{"embeddable":true,"href":"https:\/\/www.mariaabrahamsson.nu\/index.php\/wp-json\/wp\/v2\/users\/2"}],"replies":[{"embeddable":true,"href":"https:\/\/www.mariaabrahamsson.nu\/index.php\/wp-json\/wp\/v2\/comments?post=10242"}],"version-history":[{"count":0,"href":"https:\/\/www.mariaabrahamsson.nu\/index.php\/wp-json\/wp\/v2\/posts\/10242\/revisions"}],"wp:attachment":[{"href":"https:\/\/www.mariaabrahamsson.nu\/index.php\/wp-json\/wp\/v2\/media?parent=10242"}],"wp:term":[{"taxonomy":"category","embeddable":true,"href":"https:\/\/www.mariaabrahamsson.nu\/index.php\/wp-json\/wp\/v2\/categories?post=10242"},{"taxonomy":"post_tag","embeddable":true,"href":"https:\/\/www.mariaabrahamsson.nu\/index.php\/wp-json\/wp\/v2\/tags?post=10242"}],"curies":[{"name":"wp","href":"https:\/\/api.w.org\/{rel}","templated":true}]}}