{"id":10222,"date":"2014-04-03T12:35:09","date_gmt":"2014-04-03T10:35:09","guid":{"rendered":"http:\/\/www.mariaabrahamsson.nu\/?p=10222"},"modified":"2014-04-03T13:39:58","modified_gmt":"2014-04-03T11:39:58","slug":"ledamot-lohman-om-livet-cancern-och-politiken","status":"publish","type":"post","link":"https:\/\/www.mariaabrahamsson.nu\/index.php\/2014\/04\/03\/ledamot-lohman-om-livet-cancern-och-politiken\/","title":{"rendered":"Ledamot Lohman om livet, cancern och politiken"},"content":{"rendered":"<div><strong>N\u00e4r jag h\u00e4romveckan<\/strong> som vanligt var p\u00e5 v\u00e4g hem efter riksdagsgruppens sammantr\u00e4de r\u00e5kade jag i slang med partisystern\u00a0<a href=\"http:\/\/www.riksdagen.se\/sv\/ledamoter-partier\/Hitta-ledamot\/Ledamoter\/kesson-Anette-0198031297912\/\">Anette \u00c5kesson<\/a>.\u00a0(Hennes blogg kan man bes\u00f6ka\u00a0<a href=\"http:\/\/anetteakesson.wordpress.com\">h\u00e4r<\/a>).\u00a0Anette var p\u00e5 v\u00e4g till partigruppens samkv\u00e4m som denna afton arrangerades av ledam\u00f6terna fr\u00e5n V\u00e4sternorrland &#8211; <a href=\"http:\/\/www.riksdagen.se\/sv\/ledamoter-partier\/Hitta-ledamot\/Ledamoter\/Asplund-Lena-088028607414\/\">Lena Asplund<\/a> och <a href=\"http:\/\/www.riksdagen.se\/sv\/ledamoter-partier\/Hitta-ledamot\/Ledamoter\/Lohman-Eva-0150664940102\/\">Eva Lohman<\/a> (nedan).<\/div>\n<p><a href=\"http:\/\/www.mariaabrahamsson.nu\/wp-content\/uploads\/2014\/03\/Eva-Lohman1.jpg\"><img loading=\"lazy\" decoding=\"async\" class=\"alignleft size-medium wp-image-10229\" alt=\"Eva Lohman1\" src=\"http:\/\/www.mariaabrahamsson.nu\/wp-content\/uploads\/2014\/03\/Eva-Lohman1-225x300.jpg\" width=\"225\" height=\"300\" srcset=\"https:\/\/www.mariaabrahamsson.nu\/wp-content\/uploads\/2014\/03\/Eva-Lohman1-225x300.jpg 225w, https:\/\/www.mariaabrahamsson.nu\/wp-content\/uploads\/2014\/03\/Eva-Lohman1.jpg 240w\" sizes=\"auto, (max-width: 225px) 100vw, 225px\" \/><\/a>Jag hakade p\u00e5. I Frejasalen, som tisdagskv\u00e4llar fungerar som riksdagsgruppens publokal, var det varmt och livliga samtal var redan i full g\u00e5ng. Jag slog mig ner vid Evas bord, samtalet hettade till och jo, nu var det varmt &#8221;p\u00e5 riktigt&#8221;, som man numera s\u00e4ger. Eva tog av sig h\u00e5ret och la det bredvid sig i soffan. Jag satt stum ett tag innan jag fick ur mig fr\u00e5gan om hon hade cancer?<\/p>\n<p><strong>Eva: Det var en vanlig<\/strong> mammografiunders\u00f6kning som visade att jag hade tre kn\u00f6lar i br\u00f6stet. Jag fick cancerbeskedet f\u00f6rra sommaren, dagen innan jag skulle \u00e5ka till Almedalen. Jag kontaktade omg\u00e5ende en fris\u00f6r och &#8221;provade in&#8221; peruker. Efter den f\u00f6rsta cellgiftsbehandlingen rakade jag av mig h\u00e5ret, ville inte v\u00e4nta p\u00e5 att det skulle lossna av sig sj\u00e4lvt. Peruken var snygg och passade fint. Detta var i september eller oktober.<\/p>\n<p>Diagnosen var ov\u00e4ntad, det fanns ingen i sl\u00e4kten som tidigare haft br\u00f6stcancer. \u00c4nd\u00e5 s\u00e4ger Eva att hon inte blev chockad n\u00e4r kirurgen ber\u00e4ttade att hela br\u00f6stet skulle tas bort inom n\u00e5gra veckor. Hon blev snabbt omh\u00e4ndertagen av sjuksk\u00f6terskor och sjukgymnaster, och k\u00e4nde en lugn f\u00f6rvissning om att hon skulle f\u00e5 god v\u00e5rd i Sundsvall.<\/p>\n<p><strong>&#8211; Jag har v\u00e4ninnor<\/strong> som har drabbats av sjukdomen och som lever gott i dag. Eva f\u00f6rklarar att hon visste att hon inte skulle d\u00f6 av br\u00f6stcancer redan den sommaren, och hon bad sina v\u00e4nner att inte att tycka synd om henne.<\/p>\n<p>Hj\u00e4lp, t\u00e4nkte jag som sj\u00e4lv pl\u00e5gas av hypokondri och i vuxen \u00e5lder inte har levt en m\u00e5nad utan att ha minst en d\u00f6dlig sjukdom att tampas med.<\/p>\n<p><strong>Antagligen i ett f\u00f6rs\u00f6k<\/strong> att lugna nerverna fr\u00e5gar jag pl\u00f6tsligt Eva om jag f\u00e5r intervjua henne. Inte under tisdagsst\u00e5hejet i Frejasalen utan under lugnare former. Javisst.<\/p>\n<p>Efter voteringen f\u00f6ljande vecka infinner jag mig p\u00e5 Evas tj\u00e4nsterum i ledamotshuset med dator och mobilkamera i h\u00f6gsta hugg. St\u00e4ller du upp f\u00f6r omval, lyder min inledande trevare. Absolut. Eva \u00e4r arbetande ers\u00e4ttare i Socialf\u00f6rs\u00e4kringsutskottet och har (precis som undertecknad) stundtals upplevt det som r\u00e4tt frustrerande att det \u00e4r s\u00e5 mycket att l\u00e4sa in parallellt med allt annat man bara m\u00e5ste och vill hinna g\u00f6ra. F\u00f6r Evas del har det handlat om att resa runt hemma i l\u00e4net och ha kontinuerlig kontakt med personalen p\u00e5 Migrationsverket i Sundsvall, f\u00f6r att nu n\u00e4mna n\u00e5got.<\/p>\n<p><strong>Vilken fr\u00e5ga skulle<\/strong> Eva ranka som den st\u00f6rsta politiska utmaningen i hennes utskott under 2010-2014? F\u00f6rst ut \u00e4r sjukf\u00f6rs\u00e4kringen, som just nu \u00e4r f\u00f6rem\u00e5l f\u00f6r n\u00f6dv\u00e4ndig utredning. Hon konstaterar att det f\u00f6r tillf\u00e4llet \u00e4r ovanligt lugnt p\u00e5 migrationsfronten, detta mycket beroende p\u00e5 att det finns en stor folklig acceptens att ta emot flyktingar fr\u00e5n Syrien. Och om S vinner valet, vad blir det st\u00f6rsta politiska hotet p\u00e5 ditt omr\u00e5de, undrar jag.<\/p>\n<p>Svaret kommer blixtsnabbt: Arbetskraftsinvandringen. Socialdemokraternas valgeneral Jan Larsson g\u00f6r gemensam sak med LO n\u00e4r han <a href=\"http:\/\/www.di.se\/artiklar\/2013\/12\/2\/s-strateg-en-rost-pa-sd-ar-en-rost-pa-reinfeldt\/\">uttalar sig om<\/a> att svenska arbetare ska st\u00e5 f\u00f6rst i k\u00f6n till jobben. Eva varnar f\u00f6r att S kommer g\u00f6ra arbetskraftsinvandringen myndighetsstyrd i bem\u00e4rkelsen att det blir upp till arbetsf\u00f6rmedlingen att best\u00e4mma om pizzeria\u00e4garen i Sundsvall ska f\u00e5 anst\u00e4lla en italienare som pizzabagare i st\u00e4llet f\u00f6r att \u00e4garen ska f\u00e5 best\u00e4mma den saken sj\u00e4lv.<\/p>\n<p>Ja, arbetskraftsinvandringen \u00e4r en gl\u00f6dhet potatis som Stefan L\u00f6fven uppenbart vill <a href=\"http:\/\/www.svd.se\/nyheter\/inrikes\/lofven-analys-goran-svdse_3427236.svd\">kyla ner<\/a>. Men om L\u00f6fven viker sig f\u00f6r milj\u00f6partiets krav riskerar han ett nytt rosornas krig. Pest eller kolera allts\u00e5, sett ur S-ledarens synpunkt.<\/p>\n<p><strong>Eva var 64 \u00e5r d\u00e5<\/strong> hon fick cancerbeskedet i fjol. N\u00e4r vi tr\u00e4ffas v\u00e4ntar hon p\u00e5 en remiss f\u00f6r att f\u00e5 inplantat och hoppas att det blir klart i sommar. Visst har tankar p\u00e5 livet och d\u00f6den kommit, men hon har hela tiden v\u00e4grat l\u00e5ta sjukdomen styra hennes dagliga liv. Dock har hon tvingats undvika folksamlingar &#8211; och tr\u00e5kigt nog ocks\u00e5 barnbarnen &#8211; p\u00e5 grund av den f\u00f6rh\u00f6jda infektionsrisken. Inte en enda g\u00e5ng har hon varit sjukskriven, d\u00e4remot utkvittad tv\u00e5 g\u00e5nger fr\u00e5n voteringar i kammaren p\u00e5 grund av flyttade l\u00e4kartider. Var tredje fredag f\u00e5r hon cellgift, behandlingen tar ett par timmar och under tiden l\u00e4ser Eva. Fast hon i sitt tidigare liv undervisat i litteraturhistoria blir det oftast n\u00e5got l\u00e4ttsm\u00e4lt.<\/p>\n<p>En sista fr\u00e5ga: Om du inte hade g\u00e5tt in i politiken &#8211; vad hade du gjort d\u00e5? Jag hade fortsatt att arbeta som l\u00e4rare, kanske som rektor. Kommentar till skoldebatten post Pisa? L\u00e4mna l\u00e4rarna i fred!<\/p>\n<p><strong>Faktaruta Eva Lohman<\/strong><br \/>\nBeskriv dig sj\u00e4lv med fem ord: Sn\u00e4ll, vetgirig, samh\u00e4llsengagerad, familjek\u00e4r, avvaktande (typisk Norrl\u00e4nning).<br \/>\nBakgrund: \u00c4mnesl\u00e4rare i svenska\/engelska, kommunpolitiker (gruppledare i Socialn\u00e4mnden 12 \u00e5r).<br \/>\nFamilj: Skild sedan 1990-talet, en vuxen son (42) som \u00e4r gift och har tre barn.<br \/>\nFavoritsyssels\u00e4ttning: Hemmet, v\u00e4ljarkontakter, l\u00e4sning.<em id=\"__mceDel\">\u00a0<\/em><\/p>\n","protected":false},"excerpt":{"rendered":"<p>N\u00e4r jag h\u00e4romveckan som vanligt var p\u00e5 v\u00e4g hem efter riksdagsgruppens sammantr\u00e4de r\u00e5kade jag i slang med partisystern\u00a0Anette \u00c5kesson.\u00a0(Hennes blogg kan man bes\u00f6ka\u00a0h\u00e4r).\u00a0Anette var p\u00e5 v\u00e4g till partigruppens samkv\u00e4m som denna afton arrangerades av ledam\u00f6terna fr\u00e5n V\u00e4sternorrland &#8211; Lena Asplund och Eva Lohman (nedan). Jag hakade p\u00e5. I Frejasalen, som tisdagskv\u00e4llar fungerar som riksdagsgruppens publokal,&hellip;<\/p>\n<p class=\"more-link-p\"><a class=\"more-link\" href=\"https:\/\/www.mariaabrahamsson.nu\/index.php\/2014\/04\/03\/ledamot-lohman-om-livet-cancern-och-politiken\/\">Read more &rarr;<\/a><\/p>\n","protected":false},"author":2,"featured_media":0,"comment_status":"open","ping_status":"open","sticky":false,"template":"","format":"standard","meta":{"footnotes":""},"categories":[1],"tags":[],"class_list":["post-10222","post","type-post","status-publish","format-standard","hentry","category-uncategorized"],"_links":{"self":[{"href":"https:\/\/www.mariaabrahamsson.nu\/index.php\/wp-json\/wp\/v2\/posts\/10222","targetHints":{"allow":["GET"]}}],"collection":[{"href":"https:\/\/www.mariaabrahamsson.nu\/index.php\/wp-json\/wp\/v2\/posts"}],"about":[{"href":"https:\/\/www.mariaabrahamsson.nu\/index.php\/wp-json\/wp\/v2\/types\/post"}],"author":[{"embeddable":true,"href":"https:\/\/www.mariaabrahamsson.nu\/index.php\/wp-json\/wp\/v2\/users\/2"}],"replies":[{"embeddable":true,"href":"https:\/\/www.mariaabrahamsson.nu\/index.php\/wp-json\/wp\/v2\/comments?post=10222"}],"version-history":[{"count":0,"href":"https:\/\/www.mariaabrahamsson.nu\/index.php\/wp-json\/wp\/v2\/posts\/10222\/revisions"}],"wp:attachment":[{"href":"https:\/\/www.mariaabrahamsson.nu\/index.php\/wp-json\/wp\/v2\/media?parent=10222"}],"wp:term":[{"taxonomy":"category","embeddable":true,"href":"https:\/\/www.mariaabrahamsson.nu\/index.php\/wp-json\/wp\/v2\/categories?post=10222"},{"taxonomy":"post_tag","embeddable":true,"href":"https:\/\/www.mariaabrahamsson.nu\/index.php\/wp-json\/wp\/v2\/tags?post=10222"}],"curies":[{"name":"wp","href":"https:\/\/api.w.org\/{rel}","templated":true}]}}