{"id":10132,"date":"2014-02-23T19:09:56","date_gmt":"2014-02-23T18:09:56","guid":{"rendered":"http:\/\/www.mariaabrahamsson.nu\/?p=10132"},"modified":"2014-02-23T20:50:53","modified_gmt":"2014-02-23T19:50:53","slug":"cantwell-virtanen-persson-jag-skams","status":"publish","type":"post","link":"https:\/\/www.mariaabrahamsson.nu\/index.php\/2014\/02\/23\/cantwell-virtanen-persson-jag-skams\/","title":{"rendered":"Cantwell, Virtanen, Persson &#8211; jag sk\u00e4ms"},"content":{"rendered":"<p><strong>I\u00a0torsdags efter<\/strong> kammarens <a href=\"http:\/\/www.riksdagen.se\/sv\/Dokument-Lagar\/Utskottens-dokument\/Betankanden\/Arenden\/201314\/MJU14\/\">votering<\/a>\u00a0k\u00e4nde jag mig obekv\u00e4m. \u00c5ter p\u00e5 tj\u00e4nsterummet\u00a0knycklade jag ner <a href=\"http:\/\/www.riksdagen.se\/sv\/Dokument-Lagar\/Utskottens-dokument\/Betankanden\/201314ndringar-i-djurskyddsl_H101MJU14\/\">bet\u00e4nkandet<\/a>\u00a0som jag just hade r\u00f6stat ja till i v\u00e4skan. El\u00e4ndet skulle tas med hem f\u00f6r att l\u00e4sas och begrundas.<\/p>\n<p>Nu har jag l\u00e4st och begrundat. Fast\u00e4n att det \u00e4r valtider och jag sj\u00e4lv st\u00e4ller upp f\u00f6r omval vill jag erk\u00e4nna att jag sk\u00e4ms f\u00f6r hur jag r\u00f6stade i kammaren i torsdags. Till mitt f\u00f6rsvar kan jag bara s\u00e4ga att jag inte i tid \u00e4gnade fr\u00e5gan tillr\u00e4ckligt intresse.<\/p>\n<p><strong>Jag talar om\u00a0\u00e4ndringen<\/strong> i djurskyddslagen som inneb\u00e4r att det fr\u00e5n och med den 1 april (!) \u00e4r f\u00f6rbjudet att utf\u00f6ra sexuella handlingar med djur. Det handlar inte om att tillfoga djuret sm\u00e4rta &#8211; djurpl\u00e5geri \u00e4r sedan l\u00e4nge kriminaliserat under egen brottsben\u00e4mning &#8211; utan om den sexuella handlingen som s\u00e5dan.<\/p>\n<div>\n<p>F\u00f6r att kunna straffa n\u00e5gon f\u00f6r det nu \u00e5terinf\u00f6rda f\u00f6rbudet mot\u00a0<a href=\"http:\/\/sv.wikipedia.org\/wiki\/Tidelag\">tidelag<\/a>\u00a0ska brottet ha beg\u00e5tts upps\u00e5tligen. Det betyder att den som av misstag &#8211; eller i s\u00f6mnen &#8211; f\u00f6rs\u00f6ker bet\u00e4cka en ko, ska g\u00e5 fri. Jo, det visar bara hur absurd denna lagstiftning \u00e4r.<\/p>\n<p><strong>Inte nog med det. P\u00e5f\u00f6ljden<\/strong> \u00e4r b\u00f6ter eller f\u00e4ngelse i tv\u00e5 \u00e5r. Det inneb\u00e4r att vi ledam\u00f6ter av Sveriges riksdag tycker att en sexuell handling med ett djur \u00e4r ett lika allvarligt brott som k\u00f6p av sexuella tj\u00e4nster, d\u00e4r straffskalan \u00e4r densamma. (Bara jag som undrar varf\u00f6r det \u00e4r kn\u00e4pptyst fr\u00e5n sexk\u00f6pslagens v\u00e4nner?)<\/p>\n<p>Lika vansinnigt \u00e4r det att tidelag nu ska betraktas som ett v\u00e4rre brott \u00e4n ringa misshandel av m\u00e4nniskor d\u00e4r p\u00e5f\u00f6ljden stannar vid b\u00f6ter eller f\u00e4ngelse i 6 m\u00e5nader.<\/p>\n<p><strong>Jag g\u00f6r en pudel<\/strong> och\u00a0b\u00f6jer min nacke f\u00f6r den ber\u00e4ttigade kritiken fr\u00e5n Aftonbladets\u00a0<a href=\"http:\/\/www.aftonbladet.se\/nyheter\/kolumnister\/oisincantwell\/article18401893.ab\">Ois\u00edn Cantwell<\/a>, samma tidnings\u00a0<a href=\"http:\/\/www.aftonbladet.se\/ledare\/ledarkronika\/fredrikvirtanen\/article18417266.ab\">Fredrik Virtanen<\/a>\u00a0och Expressens\u00a0<a href=\"http:\/\/www.expressen.se\/kronikorer\/leif-gw-persson\/djursexlagen-ger-daliga-vibrationer\/\">Leif GW Persson<\/a>. Och, inte minst l\u00e4rorikt, inl\u00e4gget av professor M\u00e5rten Schultz, l\u00e4s\u00a0<a href=\"http:\/\/www.svd.se\/opinion\/ledarsidan\/acklet-som-norm-for-forbud_8497624.svd\">h\u00e4r<\/a>.<\/p>\n<\/div>\n","protected":false},"excerpt":{"rendered":"<p>I\u00a0torsdags efter kammarens votering\u00a0k\u00e4nde jag mig obekv\u00e4m. \u00c5ter p\u00e5 tj\u00e4nsterummet\u00a0knycklade jag ner bet\u00e4nkandet\u00a0som jag just hade r\u00f6stat ja till i v\u00e4skan. El\u00e4ndet skulle tas med hem f\u00f6r att l\u00e4sas och begrundas. Nu har jag l\u00e4st och begrundat. Fast\u00e4n att det \u00e4r valtider och jag sj\u00e4lv st\u00e4ller upp f\u00f6r omval vill jag erk\u00e4nna att jag sk\u00e4ms&hellip;<\/p>\n<p class=\"more-link-p\"><a class=\"more-link\" href=\"https:\/\/www.mariaabrahamsson.nu\/index.php\/2014\/02\/23\/cantwell-virtanen-persson-jag-skams\/\">Read more &rarr;<\/a><\/p>\n","protected":false},"author":2,"featured_media":0,"comment_status":"open","ping_status":"open","sticky":false,"template":"","format":"standard","meta":{"footnotes":""},"categories":[1],"tags":[],"class_list":["post-10132","post","type-post","status-publish","format-standard","hentry","category-uncategorized"],"_links":{"self":[{"href":"https:\/\/www.mariaabrahamsson.nu\/index.php\/wp-json\/wp\/v2\/posts\/10132","targetHints":{"allow":["GET"]}}],"collection":[{"href":"https:\/\/www.mariaabrahamsson.nu\/index.php\/wp-json\/wp\/v2\/posts"}],"about":[{"href":"https:\/\/www.mariaabrahamsson.nu\/index.php\/wp-json\/wp\/v2\/types\/post"}],"author":[{"embeddable":true,"href":"https:\/\/www.mariaabrahamsson.nu\/index.php\/wp-json\/wp\/v2\/users\/2"}],"replies":[{"embeddable":true,"href":"https:\/\/www.mariaabrahamsson.nu\/index.php\/wp-json\/wp\/v2\/comments?post=10132"}],"version-history":[{"count":0,"href":"https:\/\/www.mariaabrahamsson.nu\/index.php\/wp-json\/wp\/v2\/posts\/10132\/revisions"}],"wp:attachment":[{"href":"https:\/\/www.mariaabrahamsson.nu\/index.php\/wp-json\/wp\/v2\/media?parent=10132"}],"wp:term":[{"taxonomy":"category","embeddable":true,"href":"https:\/\/www.mariaabrahamsson.nu\/index.php\/wp-json\/wp\/v2\/categories?post=10132"},{"taxonomy":"post_tag","embeddable":true,"href":"https:\/\/www.mariaabrahamsson.nu\/index.php\/wp-json\/wp\/v2\/tags?post=10132"}],"curies":[{"name":"wp","href":"https:\/\/api.w.org\/{rel}","templated":true}]}}